{"id":9271,"date":"2008-12-20T00:57:00","date_gmt":"2008-12-19T23:57:00","guid":{"rendered":"https:\/\/destinationcyber.com\/?p=9271"},"modified":"2008-12-20T00:57:00","modified_gmt":"2008-12-19T23:57:00","slug":"deux-reporters-du-mensuel-entrevue-ont-introduit-le-mercredi-10-decembre-dans-lenceinte-de-lassemblee-un-pistolet-en-metal","status":"publish","type":"post","link":"https:\/\/destinationcyber.com\/?p=9271","title":{"rendered":"Deux reporters du mensuel Entrevue ont introduit le mercredi 10 d\u00e9cembre dans l&rsquo;enceinte de l&rsquo;Assembl\u00e9e \u00a0\u00bb un pistolet en m\u00e9tal \u00ab\u00a0"},"content":{"rendered":"<p>Le mensuel Entrevue, qui publie les photos dans sa derni\u00e8re \u00e9dition, affirme que deux de ses reporters ont introduit le mercredi 10 d\u00e9cembre dans l&rsquo;enceinte de l&rsquo;Assembl\u00e9e \u00ab\u00a0une r\u00e9plique de pistolet en m\u00e9tal du SIG Sauer SP2022\u00a0\u00bb, arme officielle de la police et de la gendarmerie.<br \/>\n<img loading=\"lazy\" decoding=\"async\" class=\" aligncenter size-full wp-image-9270\" src=\"https:\/\/destinationcyber.com\/wp-content\/uploads\/2008\/12\/jpg_sig_sauer_sp2022_co2_metal.jpg\" alt=\"sig_sauer_sp2022_co2_metal.jpg\" align=\"center\" width=\"883\" height=\"719\" srcset=\"https:\/\/destinationcyber.com\/wp-content\/uploads\/2008\/12\/jpg_sig_sauer_sp2022_co2_metal.jpg 883w, https:\/\/destinationcyber.com\/wp-content\/uploads\/2008\/12\/jpg_sig_sauer_sp2022_co2_metal-300x244.jpg 300w, https:\/\/destinationcyber.com\/wp-content\/uploads\/2008\/12\/jpg_sig_sauer_sp2022_co2_metal-768x625.jpg 768w\" sizes=\"auto, (max-width: 883px) 100vw, 883px\" \/><br \/>\nLes reporters ont donc achet\u00e9 une r\u00e9plique en m\u00e9tal d&rsquo;un 9 mm \u00ab dont la police, la gendarmerie et les douanes fran\u00e7aises se servent depuis 2003 \u00bb, pour se rendre au palais Bourbon.<\/p>\n<hr \/>\n<p>Et, contre toute attente, alors que toute personne doit passer par un d\u00e9tecteur de m\u00e9taux et soumettre ses effets personnels au rayon X, ils ont r\u00e9ussi \u00e0 entrer avec leur arme, sans \u00eatre interpell\u00e9s!<\/p>\n<p>Cette faille de s\u00e9curit\u00e9 \u00e9patante, mais surtout tr\u00e8s inqui\u00e9tante pour les politiques qui s&rsquo;y rendent r\u00e9guli\u00e8rement (et sont apparemment tr\u00e8s peu prot\u00e9g\u00e9s), prouve que l&rsquo;action des journalistes, il y a 10 ans, n&rsquo;a pas servi \u00e0 grand chose.<\/p>\n<p>Dans sa derni\u00e8re \u00e9dition, il raconte comment ses deux reporters ont franchi les portiques d\u00e9tecteurs de m\u00e9taux et se sont install\u00e9s dans la tribune de presse donnant sur l&rsquo;h\u00e9micycle, au deuxi\u00e8me \u00e9tage, puis dans la salle des Pas perdus, au rez-de-chauss\u00e9e, o\u00f9 passent d\u00e9put\u00e9s et journalistes.<\/p>\n<hr \/>\n<p>Sans attendre les conclusions de l&rsquo;enqu\u00eate, les mesures de s\u00e9curit\u00e9 ont \u00e9t\u00e9 renforc\u00e9es au Palais-Bourbon, pr\u00e9cise dans un communiqu\u00e9 le pr\u00e9sident de l&rsquo;Assembl\u00e9e nationale, Bernard Accoyer.<\/p>\n<p>Contrairement au programme ordinaire, la s\u00e9ance de questions d&rsquo;actualit\u00e9 avait \u00e9t\u00e9 remplac\u00e9e ce jour-l\u00e0 par une d\u00e9claration du gouvernement suivie d&rsquo;un d\u00e9bat, avant la r\u00e9union du Conseil europ\u00e9en.<\/p>\n<p>Fanch<\/p>\n","protected":false},"excerpt":{"rendered":"<p>Le mensuel Entrevue, qui publie les photos dans sa derni\u00e8re \u00e9dition, affirme que deux de ses reporters ont introduit le mercredi 10 d\u00e9cembre dans l&rsquo;enceinte de l&rsquo;Assembl\u00e9e \u00ab\u00a0une r\u00e9plique de pistolet en m\u00e9tal du SIG Sauer SP2022\u00a0\u00bb, arme officielle de la police et de la gendarmerie. Les reporters ont donc achet\u00e9 une r\u00e9plique en m\u00e9tal [&hellip;]<\/p>\n","protected":false},"author":1,"featured_media":9270,"comment_status":"closed","ping_status":"open","sticky":false,"template":"","format":"standard","meta":{"_citadela_custom_class":"","footnotes":""},"categories":[15],"tags":[],"class_list":["post-9271","post","type-post","status-publish","format-standard","has-post-thumbnail","hentry","category-securite"],"_links":{"self":[{"href":"https:\/\/destinationcyber.com\/index.php?rest_route=\/wp\/v2\/posts\/9271","targetHints":{"allow":["GET"]}}],"collection":[{"href":"https:\/\/destinationcyber.com\/index.php?rest_route=\/wp\/v2\/posts"}],"about":[{"href":"https:\/\/destinationcyber.com\/index.php?rest_route=\/wp\/v2\/types\/post"}],"author":[{"embeddable":true,"href":"https:\/\/destinationcyber.com\/index.php?rest_route=\/wp\/v2\/users\/1"}],"replies":[{"embeddable":true,"href":"https:\/\/destinationcyber.com\/index.php?rest_route=%2Fwp%2Fv2%2Fcomments&post=9271"}],"version-history":[{"count":0,"href":"https:\/\/destinationcyber.com\/index.php?rest_route=\/wp\/v2\/posts\/9271\/revisions"}],"wp:featuredmedia":[{"embeddable":true,"href":"https:\/\/destinationcyber.com\/index.php?rest_route=\/wp\/v2\/media\/9270"}],"wp:attachment":[{"href":"https:\/\/destinationcyber.com\/index.php?rest_route=%2Fwp%2Fv2%2Fmedia&parent=9271"}],"wp:term":[{"taxonomy":"category","embeddable":true,"href":"https:\/\/destinationcyber.com\/index.php?rest_route=%2Fwp%2Fv2%2Fcategories&post=9271"},{"taxonomy":"post_tag","embeddable":true,"href":"https:\/\/destinationcyber.com\/index.php?rest_route=%2Fwp%2Fv2%2Ftags&post=9271"}],"curies":[{"name":"wp","href":"https:\/\/api.w.org\/{rel}","templated":true}]}}