{"id":9258,"date":"2008-12-16T00:40:54","date_gmt":"2008-12-15T23:40:54","guid":{"rendered":"https:\/\/destinationcyber.com\/?p=9258"},"modified":"2008-12-16T00:40:54","modified_gmt":"2008-12-15T23:40:54","slug":"eco-emballages-a-egare-des-dizaines-de-millions-deuros-dargent-public-dans-des-paradis-fiscaux","status":"publish","type":"post","link":"https:\/\/destinationcyber.com\/?p=9258","title":{"rendered":"Eco-Emballages a \u00e9gar\u00e9 des dizaines de millions d&rsquo;euros d&rsquo;argent public dans des paradis fiscaux"},"content":{"rendered":"<p>Les dirigeants d&rsquo;Eco-Emballages &#8211; une soci\u00e9t\u00e9 priv\u00e9e, mais b\u00e9n\u00e9ficiant d&rsquo;un agr\u00e9ment de l&rsquo;\u00c9tat pour financer et organiser la fili\u00e8re de recyclage des d\u00e9chets d&#8217;emballage m\u00e9nagers &#8211; ont \u00e9t\u00e9 convoqu\u00e9s par Jean-Louis Borloo.<\/p>\n<p>Le ministre \u00e9tant absent pour cause de sommet europ\u00e9en sur le climat \u00e0 Poznan, c&rsquo;est son directeur de cabinet, Jean-Fran\u00e7ois Carenco, qui les re\u00e7oit.<\/p>\n<p>Il veut entendre leurs arguments apr\u00e8s cette nouvelle stup\u00e9fiante : la veille, un communiqu\u00e9 du minist\u00e8re r\u00e9v\u00e9lait que pr\u00e8s de 60 millions d&rsquo;euros issus de la tr\u00e9sorerie de cet organisme \u00e9taient bloqu\u00e9s sur des placements \u00e0 risque dans des paradis fiscaux (\u00abLes Echos\u00bb du 10 d\u00e9cembre).<\/p>\n<p>Somm\u00e9s de s&rsquo;expliquer, les dirigeants d&rsquo;Eco-Emballages plaident non coupables.<\/p>\n<p>\u00abLa situation de tr\u00e9sorerie est saine et n&rsquo;engendre aucune remise en cause du respect des engagements\u00bb, a d\u00e9clar\u00e9 une porte-parole.<\/p>\n<p>La soci\u00e9t\u00e9 assure avoir agi \u00abcomme tout le monde\u00bb, dit le minist\u00e8re.<\/p>\n<p>Par exemple, G\u00e9raldine Poivert, la directrice g\u00e9n\u00e9rale d&rsquo;EcoFolio, revendique, elle, une gestion \u00abde bonne m\u00e8re de famille\u00bb.<\/p>\n<p>La tr\u00e9sorerie de cet autre \u00e9co-organisme, charg\u00e9 de g\u00e9rer la fili\u00e8re de recyclage des papiers, \u00abest plac\u00e9e sur des supports compl\u00e8tement s\u00e9curis\u00e9s\u00bb, affirme-t-elle.<\/p>\n<p>Cr\u00e9\u00e9 en 1992, Eco-Emballages est une soci\u00e9t\u00e9 anonyme, contr\u00f4l\u00e9e majoritairement par 210 industriels utilisateurs d&#8217;emballages, actionnaires d&rsquo;Ecopar, sa maison m\u00e8re.<\/p>\n<p>Priv\u00e9e donc, cette soci\u00e9t\u00e9 \u00e0 but non lucratif agit n\u00e9anmoins en \u00e9co-organisme agr\u00e9\u00e9 par l&rsquo;\u00c9tat.<\/p>\n<p>Elle g\u00e8re l&rsquo;argent public des \u00e9co-contributions, per\u00e7ues aupr\u00e8s des industriels, et le redistribue vers les collectivit\u00e9s locales.<\/p>\n<p>Selon les chiffres produits par Eco-Emballages &#8211; qui a repris son unique concurrent, Adelphe -, quelque 50.000 entreprises versent \u00abenviron 411 millions d&rsquo;euros par an, soit en moyenne 0,6 centime d&rsquo;euro par emballage\u00bb.<\/p>\n<p>Toujours selon Eco-Emballages, qui de par son statut n&rsquo;est pas soumis \u00e0 l&rsquo;audit de la Cour des comptes, \u00ab95 % des contributions sont revers\u00e9s aux collectivit\u00e9s territoriales\u00bb.<\/p>\n<p>La tr\u00e9sorerie d&rsquo;Eco-Emballages est structurellement positive, puisque l&rsquo;entreprise per\u00e7oit les contributions des industriels avant de les reverser aux communes.<\/p>\n<p>Elle fait, en toute logique, travailler cet argent, ce qui lui a permis de toucher 13,7 millions d&rsquo;euros de produits financiers nets d&rsquo;imp\u00f4ts et de charges exceptionnelles l&rsquo;an dernier.<\/p>\n<p>Et, sur l&rsquo;exercice en cours, si l&rsquo;on se r\u00e9f\u00e8re aux pr\u00e9visions publi\u00e9es dans le rapport annuel 2007, l&rsquo;entreprise esp\u00e9rait engranger 78 millions.<\/p>\n<p>La soci\u00e9t\u00e9 assure qu \u00abenviron 80 %\u00bb de ses fonds sont plac\u00e9s sur des produits mon\u00e9taires ne pr\u00e9sentant aucun risque, et, c&rsquo;est l\u00e0 l&rsquo;origine du scandale, \u00abenviron 20 %\u00bb sur des \u00abplacements dynamiques\u00bb g\u00e9r\u00e9s par \u00abun organisme financier de Zurich\u00bb dont elle ne donne pas l&rsquo;identit\u00e9.<\/p>\n<p>Un organisme soup\u00e7onn\u00e9 par le minist\u00e8re de l&rsquo;Ecologie d&rsquo;en avoir investi une partie dans des fonds sp\u00e9culatifs situ\u00e9s dans des paradis fiscaux.<\/p>\n<p>Le minist\u00e8re subodore aussi que la part plac\u00e9e dans ces fonds \u00e0 risque a pu repr\u00e9senter jusqu&rsquo;\u00e0 45 % de la tr\u00e9sorerie, avant de redescendre \u00e0 20 %.<\/p>\n<p>Le 21 avril dernier, prenant conscience d&rsquo;un \u00abcontexte financier incertain\u00bb, le conseil d&rsquo;administration d&rsquo;Eco-Emballages \u00ab  alert\u00e9, semble-t-il, par les inqui\u00e9tudes du commissaire aux comptes du cabinet Mazars \u00bb s&rsquo;alarme : les fameux \u00abplacements dynamiques\u00bb risquent fort de se transformer en catastrophe, il faut les d\u00e9bloquer au plus vite.<\/p>\n<p>Mais la direction g\u00e9n\u00e9rale, charg\u00e9e d&rsquo;ex\u00e9cuter cet ordre, n&rsquo;y r\u00e9ussit pas en totalit\u00e9 : \u00e0 ce jour, \u00abdeux fonds\u00bb de placements \u00e0 risque n&rsquo;ont pu \u00eatre d\u00e9bloqu\u00e9s, \u00e0 cause d&rsquo;un \u00abprobl\u00e8me de liquidit\u00e9 de l&rsquo;organisme financier concern\u00e9\u00bb.<\/p>\n<p>55 millions d&rsquo;euros (version Eco-Emballages) ou 60 millions (version minist\u00e8re) sont perdus dans la nature, on ne sait trop o\u00f9.<\/p>\n<p>Le 15 novembre dernier, la directrice financi\u00e8re d&rsquo;Eco-Emballages a d\u00e9missionn\u00e9.<\/p>\n<p>A titre temporaire, ses fonctions ont \u00e9t\u00e9 reprises en direct par Bernard H\u00e9rodin.<\/p>\n<p>Lorsque le sujet de ces placements \u00e0 risque a \u00e9t\u00e9 abord\u00e9, le 21 avril, au conseil d&rsquo;administration d&rsquo;Ecopar, la maison m\u00e8re d&rsquo;Eco-Emballages, \u00ab les personnes pr\u00e9sentes ont \u00e9t\u00e9 \u00e9tonn\u00e9es d&rsquo;apprendre que de tels placements avaient \u00e9t\u00e9 faits sans qu&rsquo;on les ait consult\u00e9es \u00bb, se souvient un administrateur.<\/p>\n<p>En fait, la gouvernance est aux mains des industriels regroup\u00e9s dans Ecopar.<\/p>\n<p>Mais comme ces industriels sont des patrons op\u00e9rationnels n&rsquo;ayant gu\u00e8re le temps de s&rsquo;impliquer dans les dossiers, il n&rsquo;y a pas de contre-pouvoir fort au management.<\/p>\n<p>A l&rsquo;association des maires de France (AMF), la d\u00e9couverte des placements \u00e0 risque r\u00e9alis\u00e9s par Eco-Emballages est un peu ressentie comme une trahison, compte tenu du partenariat \u00e9troit qui les lie.<\/p>\n<p>Eco-Emballages est investi d&rsquo;une mission d&rsquo;int\u00e9r\u00eat g\u00e9n\u00e9ral : il collecte des fonds destin\u00e9s \u00e0 des collectivit\u00e9s publiques qui assurent le service public de traitement des d\u00e9chets m\u00e9nagers.<\/p>\n<p>L&rsquo;AMF pouvait d&rsquo;autant moins soup\u00e7onner les \u00abop\u00e9rations exotiques\u00bb d&rsquo;Eco-Emballages que ni elle ni aucune collectivit\u00e9 locale ne si\u00e8ge au conseil d&rsquo;administration.<\/p>\n<p>En revanche, l&rsquo;\u00c9tat y est repr\u00e9sent\u00e9, fait valoir Jacques P\u00e9lissard, en regrettant que son \u00ab censeur n&rsquo;y dispose peut-\u00eatre pas de pouvoirs de contr\u00f4le suffisants \u00bb.<\/p>\n<p>Eco-Emballages a indiqu\u00e9 qu&rsquo;il \u00ab apportera des pr\u00e9cisions quant \u00e0 la politique de gestion de sa tr\u00e9sorerie le 16 d\u00e9cembre, lors d&rsquo;une r\u00e9union avec ses parties prenantes \u00bb.<\/p>\n<p>Face au scandale, le minist\u00e8re exige une \u00ab vraie r\u00e9forme \u00bb de sa gouvernance.<\/p>\n<p>Si Jean-Fran\u00e7ois Carenco refuse de \u00ab jeter le b\u00e9b\u00e9 avec l&rsquo;eau du bain \u00bb, il a donn\u00e9 jusqu&rsquo;au 18 d\u00e9cembre aux dirigeants de la soci\u00e9t\u00e9 pour lui remettre la copie d&rsquo;un projet de cr\u00e9ation d&rsquo;un comit\u00e9 strat\u00e9gique et d&rsquo;un comit\u00e9 d&rsquo;audit, avec la pr\u00e9sence d&rsquo;un commissaire du gouvernement au conseil d&rsquo;administration.<\/p>\n<p>En clair : le minist\u00e8re n&rsquo;a pas les moyens l\u00e9gaux de pousser les dirigeants d&rsquo;Eco-Emballages \u00e0 la d\u00e9mission, puisqu&rsquo;il s&rsquo;agit d&rsquo;une entreprise priv\u00e9e.<\/p>\n<p>Mais s&rsquo;ils ne tirent pas eux-m\u00eames les conclusions qui s&rsquo;imposent, c&rsquo;est une autre soci\u00e9t\u00e9 qui sera autoris\u00e9e \u00e0 percevoir et reverser l&rsquo;argent des \u00e9co-contributions.<\/p>\n<p>Fanch<\/p>\n","protected":false},"excerpt":{"rendered":"<p>Les dirigeants d&rsquo;Eco-Emballages &#8211; une soci\u00e9t\u00e9 priv\u00e9e, mais b\u00e9n\u00e9ficiant d&rsquo;un agr\u00e9ment de l&rsquo;\u00c9tat pour financer et organiser la fili\u00e8re de recyclage des d\u00e9chets d&#8217;emballage m\u00e9nagers &#8211; ont \u00e9t\u00e9 convoqu\u00e9s par Jean-Louis Borloo. Le ministre \u00e9tant absent pour cause de sommet europ\u00e9en sur le climat \u00e0 Poznan, c&rsquo;est son directeur de cabinet, Jean-Fran\u00e7ois Carenco, qui les [&hellip;]<\/p>\n","protected":false},"author":1,"featured_media":0,"comment_status":"closed","ping_status":"open","sticky":false,"template":"","format":"standard","meta":{"_citadela_custom_class":"","footnotes":""},"categories":[15],"tags":[],"class_list":["post-9258","post","type-post","status-publish","format-standard","hentry","category-securite"],"_links":{"self":[{"href":"https:\/\/destinationcyber.com\/index.php?rest_route=\/wp\/v2\/posts\/9258","targetHints":{"allow":["GET"]}}],"collection":[{"href":"https:\/\/destinationcyber.com\/index.php?rest_route=\/wp\/v2\/posts"}],"about":[{"href":"https:\/\/destinationcyber.com\/index.php?rest_route=\/wp\/v2\/types\/post"}],"author":[{"embeddable":true,"href":"https:\/\/destinationcyber.com\/index.php?rest_route=\/wp\/v2\/users\/1"}],"replies":[{"embeddable":true,"href":"https:\/\/destinationcyber.com\/index.php?rest_route=%2Fwp%2Fv2%2Fcomments&post=9258"}],"version-history":[{"count":0,"href":"https:\/\/destinationcyber.com\/index.php?rest_route=\/wp\/v2\/posts\/9258\/revisions"}],"wp:attachment":[{"href":"https:\/\/destinationcyber.com\/index.php?rest_route=%2Fwp%2Fv2%2Fmedia&parent=9258"}],"wp:term":[{"taxonomy":"category","embeddable":true,"href":"https:\/\/destinationcyber.com\/index.php?rest_route=%2Fwp%2Fv2%2Fcategories&post=9258"},{"taxonomy":"post_tag","embeddable":true,"href":"https:\/\/destinationcyber.com\/index.php?rest_route=%2Fwp%2Fv2%2Ftags&post=9258"}],"curies":[{"name":"wp","href":"https:\/\/api.w.org\/{rel}","templated":true}]}}