{"id":9241,"date":"2008-12-09T23:55:55","date_gmt":"2008-12-09T22:55:55","guid":{"rendered":"https:\/\/destinationcyber.com\/?p=9241"},"modified":"2008-12-09T23:55:55","modified_gmt":"2008-12-09T22:55:55","slug":"getty-images-condamnee-pour-avoir-commercialise-sans-son-accord-certaines-des-photos-dun-photographe-independant","status":"publish","type":"post","link":"https:\/\/destinationcyber.com\/?p=9241","title":{"rendered":"Getty Images condamn\u00e9e pour avoir commercialis\u00e9 sans son accord, certaines des photos d&rsquo;un photographe ind\u00e9pendant"},"content":{"rendered":"<p>Actionnaire majoritaire de la soci\u00e9t\u00e9 AEF, Alain Ernoult avait donn\u00e9 mandat exclusif \u00e0 cette derni\u00e8re, par un contrat couvrant les ann\u00e9es 1993 \u00e0 1999, pour commercialiser ses photographies.<\/p>\n<p>En janvier 1995, il avait c\u00e9d\u00e9 l&rsquo;ensemble de ses actions dans AEF \u00e0 la soci\u00e9t\u00e9 The Image Bank France, elle-m\u00eame rachet\u00e9e depuis par Getty Images.<\/p>\n<p>Dans un jugement rendu le 21 novembre, la 3e chambre civile a estim\u00e9 cette somme \u00e0 un peu plus d&rsquo;un million d&rsquo;euros.<\/p>\n<p>Elle a notamment \u00e9valu\u00e9 \u00e0 457.000 euros le montant \u00e0 allouer \u00e0 M. Ernoult par <a href=\"http:\/\/www.gettyimages.com\/Creative\/CreativeHome.aspx?esource=googFRA_Brand&#038;country=fra&#038;kw=fra+getty_images\">Getty Images<\/a> pour avoir commercialis\u00e9 certaines de ses photos \u00e0 des fins publicitaires &#8211;publicit\u00e9s Toshiba, Peugeot ou encore Air France&#8211; en violation de l&rsquo;accord sign\u00e9 avec lui.<\/p>\n<p>Pour les magistrats, une telle utilisation publicitaire a port\u00e9 \u00ab\u00a0atteinte \u00e0 ses droits patrimoniaux\u00a0\u00bb, \u00ab\u00a0banalis\u00e9 ses &#339;uvres\u00a0\u00bb et lui a \u00f4t\u00e9 \u00ab\u00a0la possibilit\u00e9 d&rsquo;exploiter lui-m\u00eames les dites photographies\u00a0\u00bb.<\/p>\n<p>Fanch<\/p>\n","protected":false},"excerpt":{"rendered":"<p>Actionnaire majoritaire de la soci\u00e9t\u00e9 AEF, Alain Ernoult avait donn\u00e9 mandat exclusif \u00e0 cette derni\u00e8re, par un contrat couvrant les ann\u00e9es 1993 \u00e0 1999, pour commercialiser ses photographies. En janvier 1995, il avait c\u00e9d\u00e9 l&rsquo;ensemble de ses actions dans AEF \u00e0 la soci\u00e9t\u00e9 The Image Bank France, elle-m\u00eame rachet\u00e9e depuis par Getty Images. Dans un [&hellip;]<\/p>\n","protected":false},"author":1,"featured_media":0,"comment_status":"closed","ping_status":"open","sticky":false,"template":"","format":"standard","meta":{"_citadela_custom_class":"","footnotes":""},"categories":[19],"tags":[],"class_list":["post-9241","post","type-post","status-publish","format-standard","hentry","category-e-droit"],"_links":{"self":[{"href":"https:\/\/destinationcyber.com\/index.php?rest_route=\/wp\/v2\/posts\/9241","targetHints":{"allow":["GET"]}}],"collection":[{"href":"https:\/\/destinationcyber.com\/index.php?rest_route=\/wp\/v2\/posts"}],"about":[{"href":"https:\/\/destinationcyber.com\/index.php?rest_route=\/wp\/v2\/types\/post"}],"author":[{"embeddable":true,"href":"https:\/\/destinationcyber.com\/index.php?rest_route=\/wp\/v2\/users\/1"}],"replies":[{"embeddable":true,"href":"https:\/\/destinationcyber.com\/index.php?rest_route=%2Fwp%2Fv2%2Fcomments&post=9241"}],"version-history":[{"count":0,"href":"https:\/\/destinationcyber.com\/index.php?rest_route=\/wp\/v2\/posts\/9241\/revisions"}],"wp:attachment":[{"href":"https:\/\/destinationcyber.com\/index.php?rest_route=%2Fwp%2Fv2%2Fmedia&parent=9241"}],"wp:term":[{"taxonomy":"category","embeddable":true,"href":"https:\/\/destinationcyber.com\/index.php?rest_route=%2Fwp%2Fv2%2Fcategories&post=9241"},{"taxonomy":"post_tag","embeddable":true,"href":"https:\/\/destinationcyber.com\/index.php?rest_route=%2Fwp%2Fv2%2Ftags&post=9241"}],"curies":[{"name":"wp","href":"https:\/\/api.w.org\/{rel}","templated":true}]}}