{"id":9240,"date":"2008-12-09T23:46:33","date_gmt":"2008-12-09T22:46:33","guid":{"rendered":"https:\/\/destinationcyber.com\/?p=9240"},"modified":"2008-12-09T23:46:33","modified_gmt":"2008-12-09T22:46:33","slug":"suppression-de-la-demi-part-accordee-aux-parents-isoles","status":"publish","type":"post","link":"https:\/\/destinationcyber.com\/?p=9240","title":{"rendered":"Suppression de la demi-part accord\u00e9e aux parents isol\u00e9s"},"content":{"rendered":"<p>Jean-Fran\u00e7ois Cop\u00e9, s&rsquo;est dit mardi matin \u00ab\u00a0plut\u00f4t r\u00e9serv\u00e9\u00a0\u00bb sur un nouvel amendement adopt\u00e9 dans la nuit de lundi \u00e0 mardi par le S\u00e9nat et pr\u00e9voyant de supprimer, de fa\u00e7on progressive sur dix ans, la demi-part dont b\u00e9n\u00e9ficient, pour le calcul des imp\u00f4ts, les parents isol\u00e9s n&rsquo;ayant plus d&rsquo;enfants \u00e0 charge.<\/p>\n<p>Le groupe UMP a toutefois rectifi\u00e9 le tir dans l&rsquo;apr\u00e8s-midi.<\/p>\n<p>Cette disposition \u00e9tait d\u00e9j\u00e0 pr\u00e9sente dans le projet de loi de Finances pour 2009, \u00ab\u00a0\u00e0 l&rsquo;initiative du d\u00e9put\u00e9 Charles de Courson, avec l&rsquo;avis favorable de la commission des Finances, et contre la volont\u00e9 du gouvernement\u00a0\u00bb, a-t-il rappel\u00e9 dans un communiqu\u00e9.<\/p>\n<p>Ce qui \u00ab\u00a0rend la mesure moins brutale pour les personnes vivant seules ayant \u00e9lev\u00e9 un enfant puisqu&rsquo;elle ne sera pleinement applicable qu&rsquo;au bout de 10 ans\u00a0\u00bb, estime le groupe UMP.<\/p>\n<p>\u00ab\u00a0Votre proposition est une mesure de justice, des contribuables continuent de b\u00e9n\u00e9ficier de cette demi-part alors que leur enfant d\u00e9clare ses revenus s\u00e9par\u00e9ment\u00a0\u00bb, a d\u00e9clar\u00e9 Eric Woerth (Budget).<\/p>\n<p>\u00ab\u00a0Cela ne repr\u00e9sente que 400 euros par an et par contribuable, sans rapport avec la d\u00e9pense de l&rsquo;avantage Malraux ou pour l&rsquo;investissement outre-mer\u00a0\u00bb, s&rsquo;est indign\u00e9 Thierry Foucaud (PCF).<\/p>\n<p>Lundi, Philippe Marini avait \u00e9t\u00e9 contraint de retirer un autre amendement permettant aux particuliers de d\u00e9duire de leurs imp\u00f4ts certaines pertes boursi\u00e8res.<\/p>\n<p>Cette proposition avait provoqu\u00e9 un tir de barrage jusqu&rsquo;au sein de la majorit\u00e9 et c&rsquo;est le Premier ministre Fran\u00e7ois Fillon lui-m\u00eame qui lui avait donn\u00e9 le coup de gr\u00e2ce.<\/p>\n<p>Fanch<\/p>\n","protected":false},"excerpt":{"rendered":"<p>Jean-Fran\u00e7ois Cop\u00e9, s&rsquo;est dit mardi matin \u00ab\u00a0plut\u00f4t r\u00e9serv\u00e9\u00a0\u00bb sur un nouvel amendement adopt\u00e9 dans la nuit de lundi \u00e0 mardi par le S\u00e9nat et pr\u00e9voyant de supprimer, de fa\u00e7on progressive sur dix ans, la demi-part dont b\u00e9n\u00e9ficient, pour le calcul des imp\u00f4ts, les parents isol\u00e9s n&rsquo;ayant plus d&rsquo;enfants \u00e0 charge. Le groupe UMP a toutefois [&hellip;]<\/p>\n","protected":false},"author":1,"featured_media":0,"comment_status":"closed","ping_status":"open","sticky":false,"template":"","format":"standard","meta":{"_citadela_custom_class":"","footnotes":""},"categories":[17],"tags":[],"class_list":["post-9240","post","type-post","status-publish","format-standard","hentry","category-economia"],"_links":{"self":[{"href":"https:\/\/destinationcyber.com\/index.php?rest_route=\/wp\/v2\/posts\/9240","targetHints":{"allow":["GET"]}}],"collection":[{"href":"https:\/\/destinationcyber.com\/index.php?rest_route=\/wp\/v2\/posts"}],"about":[{"href":"https:\/\/destinationcyber.com\/index.php?rest_route=\/wp\/v2\/types\/post"}],"author":[{"embeddable":true,"href":"https:\/\/destinationcyber.com\/index.php?rest_route=\/wp\/v2\/users\/1"}],"replies":[{"embeddable":true,"href":"https:\/\/destinationcyber.com\/index.php?rest_route=%2Fwp%2Fv2%2Fcomments&post=9240"}],"version-history":[{"count":0,"href":"https:\/\/destinationcyber.com\/index.php?rest_route=\/wp\/v2\/posts\/9240\/revisions"}],"wp:attachment":[{"href":"https:\/\/destinationcyber.com\/index.php?rest_route=%2Fwp%2Fv2%2Fmedia&parent=9240"}],"wp:term":[{"taxonomy":"category","embeddable":true,"href":"https:\/\/destinationcyber.com\/index.php?rest_route=%2Fwp%2Fv2%2Fcategories&post=9240"},{"taxonomy":"post_tag","embeddable":true,"href":"https:\/\/destinationcyber.com\/index.php?rest_route=%2Fwp%2Fv2%2Ftags&post=9240"}],"curies":[{"name":"wp","href":"https:\/\/api.w.org\/{rel}","templated":true}]}}