{"id":9238,"date":"2008-12-08T03:08:22","date_gmt":"2008-12-08T02:08:22","guid":{"rendered":"https:\/\/destinationcyber.com\/?p=9238"},"modified":"2008-12-08T03:08:22","modified_gmt":"2008-12-08T02:08:22","slug":"les-soldes-cest-le-7-janvier-les-jane-achetent-sont-dans-les-starting-blocks","status":"publish","type":"post","link":"https:\/\/destinationcyber.com\/?p=9238","title":{"rendered":"Les soldes c&rsquo;est le 7 janvier, les Jane ach\u00e8tent sont dans les starting-blocks"},"content":{"rendered":"<p>La ministre de l&rsquo;\u00e9conomie, Christine Lagarde, a annonc\u00e9 dimanche sur France 2 que les soldes d&rsquo;hiver commenceraient le mercredi 7 janvier.<\/p>\n<p>Christine Lagarde a expliqu\u00e9 que les dates des soldes saisonniers \u00e9taient d\u00e9sormais \u00ab\u00e9tablies\u00bb et fix\u00e9es au \u00abdeuxi\u00e8me mercredi de l&rsquo;ann\u00e9e pour les soldes d&rsquo;hiver et au troisi\u00e8me mercredi du mois de juin\u00bb pour les soldes d&rsquo;\u00e9t\u00e9, \u00e0 savoir le 17 juin.<\/p>\n<p>Fanch<\/p>\n","protected":false},"excerpt":{"rendered":"<p>La ministre de l&rsquo;\u00e9conomie, Christine Lagarde, a annonc\u00e9 dimanche sur France 2 que les soldes d&rsquo;hiver commenceraient le mercredi 7 janvier. Christine Lagarde a expliqu\u00e9 que les dates des soldes saisonniers \u00e9taient d\u00e9sormais \u00ab\u00e9tablies\u00bb et fix\u00e9es au \u00abdeuxi\u00e8me mercredi de l&rsquo;ann\u00e9e pour les soldes d&rsquo;hiver et au troisi\u00e8me mercredi du mois de juin\u00bb pour les [&hellip;]<\/p>\n","protected":false},"author":1,"featured_media":0,"comment_status":"closed","ping_status":"open","sticky":false,"template":"","format":"standard","meta":{"_citadela_custom_class":"","footnotes":""},"categories":[17],"tags":[],"class_list":["post-9238","post","type-post","status-publish","format-standard","hentry","category-economia"],"_links":{"self":[{"href":"https:\/\/destinationcyber.com\/index.php?rest_route=\/wp\/v2\/posts\/9238","targetHints":{"allow":["GET"]}}],"collection":[{"href":"https:\/\/destinationcyber.com\/index.php?rest_route=\/wp\/v2\/posts"}],"about":[{"href":"https:\/\/destinationcyber.com\/index.php?rest_route=\/wp\/v2\/types\/post"}],"author":[{"embeddable":true,"href":"https:\/\/destinationcyber.com\/index.php?rest_route=\/wp\/v2\/users\/1"}],"replies":[{"embeddable":true,"href":"https:\/\/destinationcyber.com\/index.php?rest_route=%2Fwp%2Fv2%2Fcomments&post=9238"}],"version-history":[{"count":0,"href":"https:\/\/destinationcyber.com\/index.php?rest_route=\/wp\/v2\/posts\/9238\/revisions"}],"wp:attachment":[{"href":"https:\/\/destinationcyber.com\/index.php?rest_route=%2Fwp%2Fv2%2Fmedia&parent=9238"}],"wp:term":[{"taxonomy":"category","embeddable":true,"href":"https:\/\/destinationcyber.com\/index.php?rest_route=%2Fwp%2Fv2%2Fcategories&post=9238"},{"taxonomy":"post_tag","embeddable":true,"href":"https:\/\/destinationcyber.com\/index.php?rest_route=%2Fwp%2Fv2%2Ftags&post=9238"}],"curies":[{"name":"wp","href":"https:\/\/api.w.org\/{rel}","templated":true}]}}