{"id":9201,"date":"2008-11-21T23:56:10","date_gmt":"2008-11-21T22:56:10","guid":{"rendered":"https:\/\/destinationcyber.com\/?p=9201"},"modified":"2008-11-21T23:56:10","modified_gmt":"2008-11-21T22:56:10","slug":"le-ministre-du-travail-rappelle-au-groupe-psa-sa-promesse-de-ne-pas-licencier-et-de-maintenir-son-site-breton","status":"publish","type":"post","link":"https:\/\/destinationcyber.com\/?p=9201","title":{"rendered":"Le ministre du travail rappelle au groupe PSA sa promesse de ne pas licencier et de maintenir son site breton"},"content":{"rendered":"<p>Le ministre du Travail et des relations sociales Xavier Bertrand a affirm\u00e9 jeudi \u00e0 Etrelles, pr\u00e8s de Vitr\u00e9 (Ille-et-Vilaine), que les engagements pris par le groupe PSA, qui a annonc\u00e9 jeudi la suppression de 1.750 postes \u00e0 l&rsquo;usine de Rennes, \u00ab\u00a0devront \u00eatre tenus\u00a0\u00bb.<\/p>\n<p>\u00ab\u00a0J&rsquo;ai entendu qu&rsquo;il n&rsquo;y aurait pas de licenciements. Ce n&rsquo;est pas tomb\u00e9 dans l&rsquo;oreille d&rsquo;un sourd (&#8230;) Ces engagements devront \u00eatre tenus\u00a0\u00bb, a d\u00e9clar\u00e9 M. Bertrand qui inaugurait un centre d&rsquo;appel.<\/p>\n<p>\u00ab\u00a0Nous allons y veiller au niveau gouvernemental et au niveau de l&rsquo;\u00c9tat\u00a0\u00bb, a assur\u00e9 le ministre, ajoutant: \u00a0\u00bb une chose est certaine. Le gouvernement ne laissera personne de c\u00f4t\u00e9 \u00ab\u00a0.<\/p>\n<p>Selon le projet de la direction de PSA, qui a annonc\u00e9 jeudi 3.550 suppressions d&#8217;emplois, le site breton doit perdre 1.750 emplois, soit 20% de ses effectifs.<\/p>\n<p>Il a mis en exergue \u00e0 ce sujet l&rsquo;int\u00e9r\u00eat du CTP (contrat de transition professionnelle).<\/p>\n<p>A l&rsquo;usine PSA de Rennes, les effectifs, qui s&rsquo;\u00e9levaient encore \u00e0 plus de 12.000 en 2005, sont pass\u00e9s \u00e0 environ 8.000 aujourd&rsquo;hui et atteindront \u00e0 peine plus de 6.000 apr\u00e8s les derni\u00e8res r\u00e9ductions d&rsquo;effectifs annonc\u00e9es.<\/p>\n<p>Fanch<\/p>\n","protected":false},"excerpt":{"rendered":"<p>Le ministre du Travail et des relations sociales Xavier Bertrand a affirm\u00e9 jeudi \u00e0 Etrelles, pr\u00e8s de Vitr\u00e9 (Ille-et-Vilaine), que les engagements pris par le groupe PSA, qui a annonc\u00e9 jeudi la suppression de 1.750 postes \u00e0 l&rsquo;usine de Rennes, \u00ab\u00a0devront \u00eatre tenus\u00a0\u00bb. \u00ab\u00a0J&rsquo;ai entendu qu&rsquo;il n&rsquo;y aurait pas de licenciements. Ce n&rsquo;est pas tomb\u00e9 [&hellip;]<\/p>\n","protected":false},"author":1,"featured_media":0,"comment_status":"closed","ping_status":"open","sticky":false,"template":"","format":"standard","meta":{"_citadela_custom_class":"","footnotes":""},"categories":[17],"tags":[],"class_list":["post-9201","post","type-post","status-publish","format-standard","hentry","category-economia"],"_links":{"self":[{"href":"https:\/\/destinationcyber.com\/index.php?rest_route=\/wp\/v2\/posts\/9201","targetHints":{"allow":["GET"]}}],"collection":[{"href":"https:\/\/destinationcyber.com\/index.php?rest_route=\/wp\/v2\/posts"}],"about":[{"href":"https:\/\/destinationcyber.com\/index.php?rest_route=\/wp\/v2\/types\/post"}],"author":[{"embeddable":true,"href":"https:\/\/destinationcyber.com\/index.php?rest_route=\/wp\/v2\/users\/1"}],"replies":[{"embeddable":true,"href":"https:\/\/destinationcyber.com\/index.php?rest_route=%2Fwp%2Fv2%2Fcomments&post=9201"}],"version-history":[{"count":0,"href":"https:\/\/destinationcyber.com\/index.php?rest_route=\/wp\/v2\/posts\/9201\/revisions"}],"wp:attachment":[{"href":"https:\/\/destinationcyber.com\/index.php?rest_route=%2Fwp%2Fv2%2Fmedia&parent=9201"}],"wp:term":[{"taxonomy":"category","embeddable":true,"href":"https:\/\/destinationcyber.com\/index.php?rest_route=%2Fwp%2Fv2%2Fcategories&post=9201"},{"taxonomy":"post_tag","embeddable":true,"href":"https:\/\/destinationcyber.com\/index.php?rest_route=%2Fwp%2Fv2%2Ftags&post=9201"}],"curies":[{"name":"wp","href":"https:\/\/api.w.org\/{rel}","templated":true}]}}