{"id":9138,"date":"2008-11-03T03:10:02","date_gmt":"2008-11-03T02:10:02","guid":{"rendered":"https:\/\/destinationcyber.com\/?p=9138"},"modified":"2008-11-03T03:10:02","modified_gmt":"2008-11-03T02:10:02","slug":"lordinateur-magellan-le-moins-cher-du-monde","status":"publish","type":"post","link":"https:\/\/destinationcyber.com\/?p=9138","title":{"rendered":"L&rsquo;ordinateur Magellan, le moins cher du monde"},"content":{"rendered":"<p>\u00ab\u00a0Petit&#8230; l\u00e9ger&#8230; r\u00e9sistant aux chocs\u00a0\u00bb, c&rsquo;est en ces termes que le Premier ministre portugais, Jose Socrates, a vant\u00e9 jeudi le mini-ordinateur portable dont il a offert un exemplaire aux dirigeants du 18e Sommet ib\u00e9ro-am\u00e9ricain de San Salvador.<\/p>\n<p>Ce mini-ordinateur, baptis\u00e9 \u00ab\u00a0Magellan\u00a0\u00bb en l&rsquo;honneur du navigateur portugais des XVe et XVIe si\u00e8cles, a \u00e9t\u00e9 con\u00e7u pour les enfants de 6 \u00e0 10 ans, et peut \u00eatre obtenu au Portugal dans le cadre du programme e-escolinha (e-petite \u00e9cole) des \u00e9coles primaires.<br \/>\n<img loading=\"lazy\" decoding=\"async\" class=\" aligncenter size-full wp-image-9136\" src=\"https:\/\/destinationcyber.com\/wp-content\/uploads\/2008\/11\/jpg_comp-magellan1.jpg\" alt=\"comp-magellan1.jpg\" align=\"center\" width=\"352\" height=\"301\" srcset=\"https:\/\/destinationcyber.com\/wp-content\/uploads\/2008\/11\/jpg_comp-magellan1.jpg 352w, https:\/\/destinationcyber.com\/wp-content\/uploads\/2008\/11\/jpg_comp-magellan1-300x257.jpg 300w\" sizes=\"auto, (max-width: 352px) 100vw, 352px\" \/><br \/>\nL&rsquo;objectif de cet ordinateur est de faire en sorte qu&rsquo;il n&rsquo;y aie pas d&rsquo;enfant de primaire qui ne sache pas se servir d&rsquo;un ordinateur au Portugal.<\/p>\n<p>L&rsquo;\u00c9tat se donne les moyens de r\u00e9ussir son pari, avec cet ordinateur portable, le premier de fabrication nationale, \u00e0 bas prix, pour tous.<\/p>\n<p>500 000 ordinateurs ont \u00e9t\u00e9 livr\u00e9s pour les \u00e9l\u00e8ves de primaire, cette ann\u00e9e!<\/p>\n<p>Bas prix, cela veut dire \u00ab\u00a0jamais plus de 50 euros\u00a0\u00bb.<\/p>\n<p>Il fallait que l&rsquo;ordinateur soit \u00e0 un si faible co\u00fbt pour qu&rsquo;il soit universellement adopt\u00e9.<\/p>\n<p>Les mod\u00e8les achet\u00e9s dans le commerce peuvent co\u00fbter jusqu&rsquo;\u00e0 285 euros : il existe dans le commerce le mod\u00e8le \u00ab\u00a0Descobrir\u00a0\u00bb (d\u00e9couvrir), pour les enfants, et le mod\u00e8le \u00ab\u00a060 minutos\u00a0\u00bb (60 minutes), qui est en fait adapt\u00e9 aux adultes qui font leurs premiers pas dans le monde de l&rsquo;informatique.<br \/>\n<img loading=\"lazy\" decoding=\"async\" class=\" aligncenter size-full wp-image-9137\" src=\"https:\/\/destinationcyber.com\/wp-content\/uploads\/2008\/11\/jpg_comp-magellan2.jpg\" alt=\"comp-magellan2.jpg\" align=\"center\" width=\"431\" height=\"388\" srcset=\"https:\/\/destinationcyber.com\/wp-content\/uploads\/2008\/11\/jpg_comp-magellan2.jpg 431w, https:\/\/destinationcyber.com\/wp-content\/uploads\/2008\/11\/jpg_comp-magellan2-300x270.jpg 300w\" sizes=\"auto, (max-width: 431px) 100vw, 431px\" \/><br \/>\nLe mod\u00e8le distribu\u00e9 dans les \u00e9coles primaires pour une modique somme (qui varie donc suivant les revenus des parents) se nomme lui e-escolinha (e-petite \u00e9cole).<\/p>\n<p>Il poss\u00e8de des caract\u00e9ristiques techniques tout \u00e0 fait honn\u00eates, suffisantes pour accompagner l&#8217;enfant quelques ann\u00e9es dans sa scolarit\u00e9 :<\/p>\n<ul>\n<li> Processeur : Intel ULV 900Mhz<\/li>\n<li> RAM : 1 Go<\/li>\n<li> Disque Dur : 30 Go<\/li>\n<li> \u00c9cran : 9 pouces<\/li>\n<li> Webcam, enceintes st\u00e9r\u00e9o, micro, 2 ports USB, port cartes SD, WiFi, Ethernet.<\/li>\n<li> Batterie : 3 heures<\/li>\n<li> Syst\u00e8me : Windows XP et <a href=\"http:\/\/www.quebecos.com\/modules\/news\/article.php?storyid=855\">Linux Caixa Magica<\/a> (une distribution portugaise de Linux).<\/li>\n<\/ul>\n<p>L&rsquo;ordinateur est \u00e9quip\u00e9 de logiciels d&rsquo;apprentissage, tous en Portugais.<\/p>\n<p>Sur Linux, ils ont install\u00e9 Open Office, sur Windows, Microsoft Office.<\/p>\n<p>Ce petit ordinateur est tr\u00e8s bien \u00e9quilibr\u00e9, les enfants vont v\u00e9ritablement avoir un tr\u00e8s bon outil entre les mains pour acqu\u00e9rir de bonnes bases en informatique, avec la part belle aux logiciels issus de l&rsquo;open source (Linux, Firefox, Open Office).<\/p>\n<p>Le Portugal, \u00e0 travers le consortium constitu\u00e9 de JP S\u00e1 Couto, Prologica et Intel, a la volont\u00e9 d&rsquo;exporter dans le monde entier cet ordinateur.<\/p>\n<p>Fanch<\/p>\n","protected":false},"excerpt":{"rendered":"<p>\u00ab\u00a0Petit&#8230; l\u00e9ger&#8230; r\u00e9sistant aux chocs\u00a0\u00bb, c&rsquo;est en ces termes que le Premier ministre portugais, Jose Socrates, a vant\u00e9 jeudi le mini-ordinateur portable dont il a offert un exemplaire aux dirigeants du 18e Sommet ib\u00e9ro-am\u00e9ricain de San Salvador. Ce mini-ordinateur, baptis\u00e9 \u00ab\u00a0Magellan\u00a0\u00bb en l&rsquo;honneur du navigateur portugais des XVe et XVIe si\u00e8cles, a \u00e9t\u00e9 con\u00e7u pour [&hellip;]<\/p>\n","protected":false},"author":1,"featured_media":9136,"comment_status":"closed","ping_status":"open","sticky":false,"template":"","format":"standard","meta":{"_citadela_custom_class":"","footnotes":""},"categories":[14],"tags":[],"class_list":["post-9138","post","type-post","status-publish","format-standard","has-post-thumbnail","hentry","category-matos"],"_links":{"self":[{"href":"https:\/\/destinationcyber.com\/index.php?rest_route=\/wp\/v2\/posts\/9138","targetHints":{"allow":["GET"]}}],"collection":[{"href":"https:\/\/destinationcyber.com\/index.php?rest_route=\/wp\/v2\/posts"}],"about":[{"href":"https:\/\/destinationcyber.com\/index.php?rest_route=\/wp\/v2\/types\/post"}],"author":[{"embeddable":true,"href":"https:\/\/destinationcyber.com\/index.php?rest_route=\/wp\/v2\/users\/1"}],"replies":[{"embeddable":true,"href":"https:\/\/destinationcyber.com\/index.php?rest_route=%2Fwp%2Fv2%2Fcomments&post=9138"}],"version-history":[{"count":0,"href":"https:\/\/destinationcyber.com\/index.php?rest_route=\/wp\/v2\/posts\/9138\/revisions"}],"wp:featuredmedia":[{"embeddable":true,"href":"https:\/\/destinationcyber.com\/index.php?rest_route=\/wp\/v2\/media\/9136"}],"wp:attachment":[{"href":"https:\/\/destinationcyber.com\/index.php?rest_route=%2Fwp%2Fv2%2Fmedia&parent=9138"}],"wp:term":[{"taxonomy":"category","embeddable":true,"href":"https:\/\/destinationcyber.com\/index.php?rest_route=%2Fwp%2Fv2%2Fcategories&post=9138"},{"taxonomy":"post_tag","embeddable":true,"href":"https:\/\/destinationcyber.com\/index.php?rest_route=%2Fwp%2Fv2%2Ftags&post=9138"}],"curies":[{"name":"wp","href":"https:\/\/api.w.org\/{rel}","templated":true}]}}