{"id":9129,"date":"2008-11-02T02:05:23","date_gmt":"2008-11-02T01:05:23","guid":{"rendered":"https:\/\/destinationcyber.com\/?p=9129"},"modified":"2008-11-02T02:05:23","modified_gmt":"2008-11-02T01:05:23","slug":"la-faiblesse-des-pensions-de-retraite-servies-par-la-securite-sociale-rend-la-vieillesse-synonyme-de-misere","status":"publish","type":"post","link":"https:\/\/destinationcyber.com\/?p=9129","title":{"rendered":"La faiblesse des pensions de retraite servies par la S\u00e9curit\u00e9 sociale rend la vieillesse synonyme de mis\u00e8re"},"content":{"rendered":"<p>La loi de 1930 sur <a href=\"https:\/\/www.retraite.cnav.fr\/portal\/page\/portal\/Y_GP_NAT\/Y_P_NAT_TECHNIQUE\/Y_P_NAT_ACCUEIL\">les assurances sociales|CNAV<\/a> fixait d\u00e9j\u00e0 l&rsquo;\u00e2ge normal de la retraite \u00e0 60 ans.<\/p>\n<p>Il fut port\u00e9 \u00e0 65 ans apr\u00e8s la Lib\u00e9ration dans le cadre de la l\u00e9gislation de la S\u00e9curit\u00e9 sociale en raison des imp\u00e9ratifs de la reconstruction du pays d\u00e9vast\u00e9 par la guerre et l&rsquo;occupation nazie.<\/p>\n<p>La reconstruction termin\u00e9e et la France, sortie battue des guerres coloniales &#8211; Indochine, Alg\u00e9rie &#8211; dans lesquelles elle s&rsquo;\u00e9tait emp\u00eatr\u00e9e, le moment tardait de renouer avec l&rsquo;\u00e2ge normal de 60 ans en mati\u00e8re de retraite.<\/p>\n<p>D\u00e8s les ann\u00e9es soixante, la faiblesse des pensions de retraite servies par la S\u00e9curit\u00e9 sociale, face au d\u00e9collage \u00e9conomique du pays succ\u00e9dant \u00e0 ses aventures guerri\u00e8res et malgr\u00e9 la mise en place progressive des retraites compl\u00e9mentaires, rendit la vieillesse synonyme de mis\u00e8re.<\/p>\n<p>Le rapport de la commission pr\u00e9sid\u00e9e par Pierre Laroque en faisait, d\u00e8s 1962, officiellement, le constat, en tirant la sonnette d&rsquo;alarme.<\/p>\n<p>Cette situation insoutenable suscita la revendication de l&rsquo;avancement \u00e0 60 ans de l&rsquo;\u00e2ge normal de la retraite et la majoration du taux des pensions.<\/p>\n<p>Les \u00e9v\u00e9nements de mai 1968 amplifi\u00e8rent la mont\u00e9e en puissance de cette revendication durant la d\u00e9cennie suivante, contraignant le pouvoir politique &#8211; la pression syndicale aidant &#8211; \u00e0 faire des concessions devenues incontournables.<\/p>\n<p>Durant les ann\u00e9es soixante-dix, plusieurs lois apport\u00e8rent quelques progr\u00e8s significatifs d&rsquo;une meilleure justice sociale pour les retrait\u00e9s.<\/p>\n<p>On peut, notamment, en relever ainsi les principales \u00e9tapes : en 1972, le taux de pension vieillesse a \u00e9t\u00e9 port\u00e9 de 40 % \u00e0 50 % du salaire moyen calcul\u00e9 sur les dix meilleures ann\u00e9es soumises \u00e0 cotisation (au lieu des dix derni\u00e8res ann\u00e9es pr\u00e9c\u00e9demment), et le dispositif de l&rsquo;inaptitude au travail a \u00e9t\u00e9 assoupli pour permettre d&rsquo;obtenir, \u00e0 ce titre, une retraite au taux plein de 50 %, d\u00e8s l&rsquo;\u00e2ge de 60 ans.<\/p>\n<p>Cette m\u00eame ann\u00e9e, d&rsquo;une part, les retraites compl\u00e9mentaires sont rendues obligatoires pour les salari\u00e9s, et, d&rsquo;autre part, les r\u00e9gimes d&rsquo;assurance vieillesse des travailleurs non salari\u00e9s et non agricoles sont align\u00e9s sur celui du r\u00e9gime g\u00e9n\u00e9ral.<\/p>\n<p>En 1974, l&rsquo;\u00e2ge de la retraite est avanc\u00e9 entre 60 et 65 ans pour les anciens combattants et prisonniers de guerre, en fonction de la dur\u00e9e du service militaire ou des ann\u00e9es de captivit\u00e9.<\/p>\n<p>Puis, en 1976, l&rsquo;\u00e2ge de la retraite \u00e0 taux plein est avanc\u00e9 \u00e0 60 ans pour les travailleurs manuels ayant exerc\u00e9 des travaux p\u00e9nibles et les ouvri\u00e8res m\u00e8res de famille.<\/p>\n<p>En 1977, la possibilit\u00e9 est offerte aux anciens d\u00e9port\u00e9s et intern\u00e9s de la R\u00e9sistance d&rsquo;obtenir une retraite \u00e0 l&rsquo;\u00e2ge de 55 ans, \u00e0 condition d&rsquo;\u00eatre titulaires d&rsquo;une pension militaire d&rsquo;invalidit\u00e9 d&rsquo;un taux global d&rsquo;au moins 60 %, et de cesser \u00e0 cet \u00e2ge-l\u00e0 toute activit\u00e9 professionnelle.<\/p>\n<p>Par la suite, en 1979, l&rsquo;avancement de l&rsquo;\u00e2ge de la retraite \u00e0 60 ans est acquis aux femmes justifiant d&rsquo;une dur\u00e9e d&rsquo;assurance d&rsquo;au moins trente-sept ans et demi.<\/p>\n<p>Parall\u00e8lement, les pr\u00e9retraites, avec garanties de ressources, s&rsquo;\u00e9taient beaucoup d\u00e9velopp\u00e9es, \u00e0 dater de 1972, avec la contribution de l&rsquo;assurance ch\u00f4mage et l&rsquo;aide financi\u00e8re de l&rsquo;\u00c9tat.<\/p>\n<p>Enfin, \u00e0 compter du 1er avril 1983, la retraite \u00e0 60 ans a \u00e9t\u00e9 g\u00e9n\u00e9ralis\u00e9e \u00e0 tous les salari\u00e9s du r\u00e9gime g\u00e9n\u00e9ral de la S\u00e9curit\u00e9 sociale, et \u00e9tendue ensuite aux salari\u00e9s agricoles, aux travailleurs non salari\u00e9s du commerce et de l&rsquo;industrie, aux professions lib\u00e9rales et aux exploitants agricoles.<\/p>\n<p>Quelle fut cependant la surprise de constater que cette avanc\u00e9e sociale fit l&rsquo;objet d&rsquo;un vote bloqu\u00e9, sans d\u00e9bats parlementaires, et fut port\u00e9e par voie d&rsquo;ordonnances dat\u00e9es des 26 et 30 mars 1982 (ratifi\u00e9es par la loi du 31 mai 1983 post\u00e9rieure \u00e0 la date d&rsquo;application).<\/p>\n<p>Ce grave faux pas exposa, par la suite, le droit \u00e0 la retraite \u00e0 60 ans aux contestations d&rsquo;autant plus acharn\u00e9es de la droite qu&rsquo;elles furent refoul\u00e9es par un artifice de proc\u00e9dure, certes constitutionnellement pr\u00e9vue, mais fonci\u00e8rement antid\u00e9mocratique.<\/p>\n<p>Le d\u00e9bat parlementaire aurait, vraisemblablement permis, par le jeu des amendements, de corriger, ici et l\u00e0, des lacunes qui n&rsquo;ont pas \u00e9t\u00e9 sans susciter quelques \u00eelots d&rsquo;amertume.<\/p>\n<p>Il aurait aussi permis, en tout cas, de mieux ancrer cette avanc\u00e9e sociale dans l&rsquo;opinion publique.<\/p>\n<p>L&rsquo;esquive du d\u00e9bat contradictoire laisse toujours planer un doute plus ou moins propice au renversement d&rsquo;opinion.<\/p>\n<p>En l&rsquo;occurrence, le dispositif ainsi mis en place dans de telles circonstances n&rsquo;a pas \u00e9chapp\u00e9 \u00e0 cette r\u00e8gle, d\u00e8s le retour en force de la droite au pouvoir.<\/p>\n<p>Par contre, le taux plein de 50 % a \u00e9t\u00e9 minor\u00e9 pour les assur\u00e9s \u00e2g\u00e9s de 60 \u00e0 65 ans ne totalisant pas 150 trimestres d&rsquo;assurance, valid\u00e9s \u00e0 l&rsquo;\u00e2ge de la liquidation de leurs droits.<\/p>\n<p>Cette minoration \u00e9tait fix\u00e9e \u00e0 1,25 % par trimestre manquant.<\/p>\n<p>En outre, les pensions de retraite ont continu\u00e9 \u00e0 \u00eatre liquid\u00e9es dans le r\u00e9gime g\u00e9n\u00e9ral, au prorata des trimestres valid\u00e9s, sans que le total des trimestres retenus puisse d\u00e9passer les 150 trimestres correspondants \u00e0 la pension compl\u00e8te.<\/p>\n<p>Une telle disposition, pour \u00eatre \u00e9quitable, aurait d\u00fb avoir pour contrepartie la majoration des pensions pour ceux qui, \u00e0 60 ans, totalisaient plus de 150 trimestres.<\/p>\n<p>Ces derniers, ayant commenc\u00e9 \u00e0 travailler tr\u00e8s jeunes, et ayant g\u00e9n\u00e9ralement exerc\u00e9 des travaux manuels p\u00e9nibles, \u00e9tant victimes d&rsquo;une mortalit\u00e9 pr\u00e9coce et cumulant ainsi tous les handicaps de la vie.<\/p>\n<p>Certaines anomalies ont, de surcro\u00eet, aggrav\u00e9 le sort des plus mal lotis : restrictions concernant les pensions de r\u00e9version ; remise en cause des minima ant\u00e9rieurs pour les pensions vieillesse substitu\u00e9es aux pensions d&rsquo;invalidit\u00e9 ; maintien \u00e0 65 ans du Fonds national de solidarit\u00e9 allou\u00e9 pour insuffisance de ressources&#8230;<\/p>\n<p>Autant d&rsquo;ombres au tableau difficilement justifiables dans la foul\u00e9e d&rsquo;une avanc\u00e9e sociale de cette ampleur.<\/p>\n<p>L&rsquo;avancement de l&rsquo;\u00e2ge normal de la retraite ne pouvait pas ne pas avoir d&rsquo;incidences sur la liquidation des retraites compl\u00e9mentaires, sauf \u00e0 compromettre son application effective.<\/p>\n<p>Un accord du 4 f\u00e9vrier 1983 est intervenu, supprimant, \u00e0 l&rsquo;\u00e2ge de 60 ans, les coefficients d&rsquo;anticipation d\u00e8s lors que le b\u00e9n\u00e9ficiaire totalise au moins 150 trimestres de cotisations (tous r\u00e9gimes obligatoires d&rsquo;assurance vieillesse compris).<\/p>\n<p>Fanch<\/p>\n","protected":false},"excerpt":{"rendered":"<p>La loi de 1930 sur les assurances sociales|CNAV fixait d\u00e9j\u00e0 l&rsquo;\u00e2ge normal de la retraite \u00e0 60 ans. Il fut port\u00e9 \u00e0 65 ans apr\u00e8s la Lib\u00e9ration dans le cadre de la l\u00e9gislation de la S\u00e9curit\u00e9 sociale en raison des imp\u00e9ratifs de la reconstruction du pays d\u00e9vast\u00e9 par la guerre et l&rsquo;occupation nazie. La reconstruction [&hellip;]<\/p>\n","protected":false},"author":1,"featured_media":0,"comment_status":"closed","ping_status":"open","sticky":false,"template":"","format":"standard","meta":{"_citadela_custom_class":"","footnotes":""},"categories":[16],"tags":[],"class_list":["post-9129","post","type-post","status-publish","format-standard","hentry","category-bricabrac"],"_links":{"self":[{"href":"https:\/\/destinationcyber.com\/index.php?rest_route=\/wp\/v2\/posts\/9129","targetHints":{"allow":["GET"]}}],"collection":[{"href":"https:\/\/destinationcyber.com\/index.php?rest_route=\/wp\/v2\/posts"}],"about":[{"href":"https:\/\/destinationcyber.com\/index.php?rest_route=\/wp\/v2\/types\/post"}],"author":[{"embeddable":true,"href":"https:\/\/destinationcyber.com\/index.php?rest_route=\/wp\/v2\/users\/1"}],"replies":[{"embeddable":true,"href":"https:\/\/destinationcyber.com\/index.php?rest_route=%2Fwp%2Fv2%2Fcomments&post=9129"}],"version-history":[{"count":0,"href":"https:\/\/destinationcyber.com\/index.php?rest_route=\/wp\/v2\/posts\/9129\/revisions"}],"wp:attachment":[{"href":"https:\/\/destinationcyber.com\/index.php?rest_route=%2Fwp%2Fv2%2Fmedia&parent=9129"}],"wp:term":[{"taxonomy":"category","embeddable":true,"href":"https:\/\/destinationcyber.com\/index.php?rest_route=%2Fwp%2Fv2%2Fcategories&post=9129"},{"taxonomy":"post_tag","embeddable":true,"href":"https:\/\/destinationcyber.com\/index.php?rest_route=%2Fwp%2Fv2%2Ftags&post=9129"}],"curies":[{"name":"wp","href":"https:\/\/api.w.org\/{rel}","templated":true}]}}