{"id":9126,"date":"2008-10-31T23:21:20","date_gmt":"2008-10-31T22:21:20","guid":{"rendered":"https:\/\/destinationcyber.com\/?p=9126"},"modified":"2008-10-31T23:21:20","modified_gmt":"2008-10-31T22:21:20","slug":"la-prime-de-transport-retabli","status":"publish","type":"post","link":"https:\/\/destinationcyber.com\/?p=9126","title":{"rendered":"La prime de transport r\u00e9tabli"},"content":{"rendered":"<p>L&rsquo;Assembl\u00e9e nationale a r\u00e9tabli jeudi soir, en s\u00e9ance publique, la prime transport inscrite par le gouvernement dans le projet de budget S\u00e9curit\u00e9 Sociale 2009, supprim\u00e9e la semaine derni\u00e8re en commission.<\/p>\n<p>L&rsquo;aide au transport pour les trajets domicile-travail, promise par le gouvernement, s&rsquo;articule en deux volets : l&rsquo;extension de la prise en charge obligatoire de 50% des titres de transports collectifs, actuellement en vigueur en Ile-de-France, <strong> <em>et la prise en charge facultative des frais d&rsquo;utilisation d&rsquo;un v\u00e9hicule personnel, dans la limite de 200 euros par an<\/em> <\/strong>.<\/p>\n<p>Droite et gauche ont en outre d\u00e9cid\u00e9 d&rsquo;\u00e9tendre le dispositif aux abonnements de bicyclette.<\/p>\n<p>Elles ont vot\u00e9 un amendement de Philippe Goujon (UMP) en ce sens car, selon le d\u00e9put\u00e9 de Paris, \u00abl e v\u00e9lo est amen\u00e9 \u00e0 se d\u00e9velopper en tant que mode de transport quotidien, notamment pour les d\u00e9placements domicile-travail \u00bb.<\/p>\n<p>Selon l&rsquo;amendement, le co\u00fbt de l&rsquo;abonnement v\u00e9lo peut \u00eatre rembours\u00e9 en partie par l&#8217;employeur pour les salari\u00e9s ayant choisi le deux roues comme mode de d\u00e9placement principal, au m\u00eame titre que l&rsquo;abonnement de transports collectifs.<\/p>\n<p>La semaine derni\u00e8re, le pr\u00e9sident de la commission des Affaires sociales, Pierre M\u00e9haignerie (UMP), et le rapporteur du texte, Yves Bur (UMP), avaient fait adopter, en commission, la suppression de la prime, qui \u00ab ne se justifie pas ou plus, en particulier parce qu&rsquo;il vaut mieux privil\u00e9gier le salaire direct et que les prix du p\u00e9trole ont baiss\u00e9 \u00bb.<\/p>\n<p>La mesure avait provoqu\u00e9 un toll\u00e9 et entra\u00een\u00e9 un rappel \u00e0 l&rsquo;ordre de la majorit\u00e9 par le Premier ministre Fran\u00e7ois Fillon.<\/p>\n<p>Fanch<\/p>\n","protected":false},"excerpt":{"rendered":"<p>L&rsquo;Assembl\u00e9e nationale a r\u00e9tabli jeudi soir, en s\u00e9ance publique, la prime transport inscrite par le gouvernement dans le projet de budget S\u00e9curit\u00e9 Sociale 2009, supprim\u00e9e la semaine derni\u00e8re en commission. L&rsquo;aide au transport pour les trajets domicile-travail, promise par le gouvernement, s&rsquo;articule en deux volets : l&rsquo;extension de la prise en charge obligatoire de 50% [&hellip;]<\/p>\n","protected":false},"author":1,"featured_media":0,"comment_status":"closed","ping_status":"open","sticky":false,"template":"","format":"standard","meta":{"_citadela_custom_class":"","footnotes":""},"categories":[17],"tags":[],"class_list":["post-9126","post","type-post","status-publish","format-standard","hentry","category-economia"],"_links":{"self":[{"href":"https:\/\/destinationcyber.com\/index.php?rest_route=\/wp\/v2\/posts\/9126","targetHints":{"allow":["GET"]}}],"collection":[{"href":"https:\/\/destinationcyber.com\/index.php?rest_route=\/wp\/v2\/posts"}],"about":[{"href":"https:\/\/destinationcyber.com\/index.php?rest_route=\/wp\/v2\/types\/post"}],"author":[{"embeddable":true,"href":"https:\/\/destinationcyber.com\/index.php?rest_route=\/wp\/v2\/users\/1"}],"replies":[{"embeddable":true,"href":"https:\/\/destinationcyber.com\/index.php?rest_route=%2Fwp%2Fv2%2Fcomments&post=9126"}],"version-history":[{"count":0,"href":"https:\/\/destinationcyber.com\/index.php?rest_route=\/wp\/v2\/posts\/9126\/revisions"}],"wp:attachment":[{"href":"https:\/\/destinationcyber.com\/index.php?rest_route=%2Fwp%2Fv2%2Fmedia&parent=9126"}],"wp:term":[{"taxonomy":"category","embeddable":true,"href":"https:\/\/destinationcyber.com\/index.php?rest_route=%2Fwp%2Fv2%2Fcategories&post=9126"},{"taxonomy":"post_tag","embeddable":true,"href":"https:\/\/destinationcyber.com\/index.php?rest_route=%2Fwp%2Fv2%2Ftags&post=9126"}],"curies":[{"name":"wp","href":"https:\/\/api.w.org\/{rel}","templated":true}]}}