{"id":9120,"date":"2008-10-30T11:49:22","date_gmt":"2008-10-30T10:49:22","guid":{"rendered":"https:\/\/destinationcyber.com\/?p=9120"},"modified":"2008-10-30T11:49:22","modified_gmt":"2008-10-30T10:49:22","slug":"letat-francais-pourrait-etre-amene-a-considerer-avec-plus-dattention-les-contestations-des-automobilistes","status":"publish","type":"post","link":"https:\/\/destinationcyber.com\/?p=9120","title":{"rendered":"L&#8217;\u00c9tat fran\u00e7ais pourrait \u00eatre amen\u00e9 \u00e0 consid\u00e9rer avec plus d&#8217;attention les contestations des automobilistes"},"content":{"rendered":"<p>L&rsquo;association 40 Millions d&rsquo;automobilistes attaque l&rsquo;\u00c9tat fran\u00e7ais devant la Cour europ\u00e9enne des droits de l&rsquo;homme.<\/p>\n<p>En cause : la proc\u00e9dure administrative nationale pour sa gestion des PV, qui priverait les conducteurs mis \u00e0 l&rsquo;amende du droit de se d\u00e9fendre.<\/p>\n<p>\u00abNous avons d\u00e9pos\u00e9, il y a quelques jours, une requ\u00eate pour d\u00e9noncer l&rsquo;ill\u00e9galit\u00e9 du principe de la consignation, qui impose aux contrevenants le paiement pr\u00e9alable de leur contravention avant toute contestation devant un juge\u00bb, explique R\u00e9my Josseaume, le pr\u00e9sident de la commission juridique de l&rsquo;association, forte de ses 320 000 adh\u00e9rents.<\/p>\n<p>C&rsquo;est \u00e0 partir du cas d&rsquo;un de ses adh\u00e9rents que l&rsquo;association a d\u00e9cid\u00e9 de se lancer dans la bataille.<\/p>\n<p>Flash\u00e9 en mai dernier par un radar, l&rsquo;automobiliste a contest\u00e9 l&rsquo;infraction, en indiquant qu&rsquo;il pouvait d\u00e9montrer qu&rsquo;il n&rsquo;\u00e9tait pas au volant au moment de l&rsquo;infraction.<\/p>\n<p>En guise de r\u00e9ponse, et sans se soucier du respect de ses droits, les autorit\u00e9s lui ont notifi\u00e9 que sa consignation \u00e9tait assimil\u00e9e au paiement de l&rsquo;amende!<\/p>\n<p>Le contrevenant n&rsquo;est plus trait\u00e9 comme un justiciable mais comme un contribuable.<\/p>\n<p>Le minist\u00e8re public prive le contrevenant de tout recours, violant les articles 6.1 et 13 de la Convention europ\u00e9enne des droits de l&#8217;homme.<\/p>\n<p>Si la requ\u00eate aboutit, la jurisprudence aidant, l&rsquo;\u00c9tat fran\u00e7ais pourrait \u00eatre amen\u00e9 \u00e0 amender sa proc\u00e9dure, en consid\u00e9rant avec plus d&#8217;attention les contestations des automobilistes.<\/p>\n<p>Fanch<\/p>\n","protected":false},"excerpt":{"rendered":"<p>L&rsquo;association 40 Millions d&rsquo;automobilistes attaque l&rsquo;\u00c9tat fran\u00e7ais devant la Cour europ\u00e9enne des droits de l&rsquo;homme. En cause : la proc\u00e9dure administrative nationale pour sa gestion des PV, qui priverait les conducteurs mis \u00e0 l&rsquo;amende du droit de se d\u00e9fendre. \u00abNous avons d\u00e9pos\u00e9, il y a quelques jours, une requ\u00eate pour d\u00e9noncer l&rsquo;ill\u00e9galit\u00e9 du principe de [&hellip;]<\/p>\n","protected":false},"author":1,"featured_media":0,"comment_status":"closed","ping_status":"open","sticky":false,"template":"","format":"standard","meta":{"_citadela_custom_class":"","footnotes":""},"categories":[19],"tags":[],"class_list":["post-9120","post","type-post","status-publish","format-standard","hentry","category-e-droit"],"_links":{"self":[{"href":"https:\/\/destinationcyber.com\/index.php?rest_route=\/wp\/v2\/posts\/9120","targetHints":{"allow":["GET"]}}],"collection":[{"href":"https:\/\/destinationcyber.com\/index.php?rest_route=\/wp\/v2\/posts"}],"about":[{"href":"https:\/\/destinationcyber.com\/index.php?rest_route=\/wp\/v2\/types\/post"}],"author":[{"embeddable":true,"href":"https:\/\/destinationcyber.com\/index.php?rest_route=\/wp\/v2\/users\/1"}],"replies":[{"embeddable":true,"href":"https:\/\/destinationcyber.com\/index.php?rest_route=%2Fwp%2Fv2%2Fcomments&post=9120"}],"version-history":[{"count":0,"href":"https:\/\/destinationcyber.com\/index.php?rest_route=\/wp\/v2\/posts\/9120\/revisions"}],"wp:attachment":[{"href":"https:\/\/destinationcyber.com\/index.php?rest_route=%2Fwp%2Fv2%2Fmedia&parent=9120"}],"wp:term":[{"taxonomy":"category","embeddable":true,"href":"https:\/\/destinationcyber.com\/index.php?rest_route=%2Fwp%2Fv2%2Fcategories&post=9120"},{"taxonomy":"post_tag","embeddable":true,"href":"https:\/\/destinationcyber.com\/index.php?rest_route=%2Fwp%2Fv2%2Ftags&post=9120"}],"curies":[{"name":"wp","href":"https:\/\/api.w.org\/{rel}","templated":true}]}}