{"id":9067,"date":"2008-10-13T23:24:37","date_gmt":"2008-10-13T21:24:37","guid":{"rendered":"https:\/\/destinationcyber.com\/?p=9067"},"modified":"2008-10-13T23:24:37","modified_gmt":"2008-10-13T21:24:37","slug":"larcep-prefere-une-mutualisation-des-operateurs-fibre-dans-les-immeubles","status":"publish","type":"post","link":"https:\/\/destinationcyber.com\/?p=9067","title":{"rendered":"L&rsquo;Arcep pr\u00e9f\u00e8re une mutualisation des op\u00e9rateurs Fibre dans les immeubles"},"content":{"rendered":"<p>Suite \u00e0 l&rsquo;accord sign\u00e9 le 25 septembre entre Orange et SFR sur le d\u00e9ploiement de la fibre optique, l&rsquo;Autorit\u00e9 de r\u00e9gulation des t\u00e9l\u00e9coms (Arcep) publie vendredi 10 octobre 2008, ses pr\u00e9conisations dress\u00e9es \u00e0 l&rsquo;issue d&rsquo;une consultation publique.<\/p>\n<p>Le r\u00e9gulateur fran\u00e7ais invite, selon son communiqu\u00e9, \u00ab\u00a0les op\u00e9rateurs \u00e0 conclure des accords de mutualisation incluant l&rsquo;ensemble d&rsquo;entre eux, et permettant de tester diff\u00e9rentes solutions techniques \u00e0 l&rsquo;\u00e9chelle des grandes agglom\u00e9rations\u00a0\u00bb.<\/p>\n<p>S&rsquo;agissant du point de mutualisation (point de connexion au r\u00e9seau de celui qui a \u00e9quip\u00e9 l&rsquo;immeuble), pomme de discorde entre les op\u00e9rateurs, l&rsquo;Arcep pr\u00e9conise que l&rsquo;op\u00e9rateur principal de chaque immeuble \u00ab\u00a0propose aux op\u00e9rateurs tiers de poser pour leur compte des fibres surnum\u00e9raires sur la partie terminale\u00a0\u00bb du r\u00e9seau, soit \u00e0 l&rsquo;int\u00e9rieur des immeubles.<\/p>\n<p>Dans un communiqu\u00e9 publi\u00e9 dans la foul\u00e9e, l&rsquo;op\u00e9rateur Free exprime son adh\u00e9sion totale aux recommandations de l&rsquo;Arcep notamment concernant la pose de fibres suppl\u00e9mentaires \u00e0 la demande d&rsquo;un autre op\u00e9rateur et financ\u00e9e par ce dernier.<\/p>\n<p>Fanch<\/p>\n","protected":false},"excerpt":{"rendered":"<p>Suite \u00e0 l&rsquo;accord sign\u00e9 le 25 septembre entre Orange et SFR sur le d\u00e9ploiement de la fibre optique, l&rsquo;Autorit\u00e9 de r\u00e9gulation des t\u00e9l\u00e9coms (Arcep) publie vendredi 10 octobre 2008, ses pr\u00e9conisations dress\u00e9es \u00e0 l&rsquo;issue d&rsquo;une consultation publique. Le r\u00e9gulateur fran\u00e7ais invite, selon son communiqu\u00e9, \u00ab\u00a0les op\u00e9rateurs \u00e0 conclure des accords de mutualisation incluant l&rsquo;ensemble d&rsquo;entre [&hellip;]<\/p>\n","protected":false},"author":1,"featured_media":0,"comment_status":"closed","ping_status":"open","sticky":false,"template":"","format":"standard","meta":{"_citadela_custom_class":"","footnotes":""},"categories":[12],"tags":[],"class_list":["post-9067","post","type-post","status-publish","format-standard","hentry","category-adsl"],"_links":{"self":[{"href":"https:\/\/destinationcyber.com\/index.php?rest_route=\/wp\/v2\/posts\/9067","targetHints":{"allow":["GET"]}}],"collection":[{"href":"https:\/\/destinationcyber.com\/index.php?rest_route=\/wp\/v2\/posts"}],"about":[{"href":"https:\/\/destinationcyber.com\/index.php?rest_route=\/wp\/v2\/types\/post"}],"author":[{"embeddable":true,"href":"https:\/\/destinationcyber.com\/index.php?rest_route=\/wp\/v2\/users\/1"}],"replies":[{"embeddable":true,"href":"https:\/\/destinationcyber.com\/index.php?rest_route=%2Fwp%2Fv2%2Fcomments&post=9067"}],"version-history":[{"count":0,"href":"https:\/\/destinationcyber.com\/index.php?rest_route=\/wp\/v2\/posts\/9067\/revisions"}],"wp:attachment":[{"href":"https:\/\/destinationcyber.com\/index.php?rest_route=%2Fwp%2Fv2%2Fmedia&parent=9067"}],"wp:term":[{"taxonomy":"category","embeddable":true,"href":"https:\/\/destinationcyber.com\/index.php?rest_route=%2Fwp%2Fv2%2Fcategories&post=9067"},{"taxonomy":"post_tag","embeddable":true,"href":"https:\/\/destinationcyber.com\/index.php?rest_route=%2Fwp%2Fv2%2Ftags&post=9067"}],"curies":[{"name":"wp","href":"https:\/\/api.w.org\/{rel}","templated":true}]}}