{"id":9022,"date":"2008-09-23T11:33:22","date_gmt":"2008-09-23T09:33:22","guid":{"rendered":"https:\/\/destinationcyber.com\/?p=9022"},"modified":"2008-09-23T11:33:22","modified_gmt":"2008-09-23T09:33:22","slug":"la-france-entrave-la-vente-en-ligne-de-produits-optiques","status":"publish","type":"post","link":"https:\/\/destinationcyber.com\/?p=9022","title":{"rendered":"La France entrave la vente en ligne de produits optiques"},"content":{"rendered":"<p>La France se fait rappeler \u00e0 l&rsquo;ordre par la Commission europ\u00e9enne pour \u00abentraves \u00e0 la vente en ligne de produits d&rsquo;optique lunetterie\u00bb.<\/p>\n<p>Bruxelles vient d&rsquo;envoyer au gouvernement fran\u00e7ais un avis motiv\u00e9 sur ce sujet ; il s&rsquo;agit de la seconde \u00e9tape d&rsquo;une proc\u00e9dure d&rsquo;infraction qui pourrait aboutir devant la Cour europ\u00e9enne de Justice, si la France ne donne pas de r\u00e9ponse satisfaisante dans les deux mois \u00e0 venir.<\/p>\n<p>\u00ab La l\u00e9gislation en vigueur, en interdisant la vente \u00e0 distance de produits d&rsquo;optique-lunetterie, par un opticien dipl\u00f4m\u00e9 et en pr\u00e9voyant l&rsquo;obligation (&#8230;) de faire enregistrer son dipl\u00f4me au niveau d\u00e9partemental fran\u00e7ais, entrave la libert\u00e9 d&rsquo;\u00e9tablissement, la libre circulation des services \u00bb, justifie la Commission europ\u00e9enne.<\/p>\n<p>C&rsquo;est en raison de la l\u00e9gislation fran\u00e7aise contraignante que des soci\u00e9t\u00e9s comme <a href=\"http:\/\/www.lentilles-moins-cheres.com\/\">lentilles-moins-cheres.com|www.lentilles-moins-cheres<\/a>, ont \u00e9t\u00e9 oblig\u00e9e de se d\u00e9localiser en Allemagne.<\/p>\n<p>Fanch<\/p>\n","protected":false},"excerpt":{"rendered":"<p>La France se fait rappeler \u00e0 l&rsquo;ordre par la Commission europ\u00e9enne pour \u00abentraves \u00e0 la vente en ligne de produits d&rsquo;optique lunetterie\u00bb. Bruxelles vient d&rsquo;envoyer au gouvernement fran\u00e7ais un avis motiv\u00e9 sur ce sujet ; il s&rsquo;agit de la seconde \u00e9tape d&rsquo;une proc\u00e9dure d&rsquo;infraction qui pourrait aboutir devant la Cour europ\u00e9enne de Justice, si la [&hellip;]<\/p>\n","protected":false},"author":1,"featured_media":0,"comment_status":"closed","ping_status":"open","sticky":false,"template":"","format":"standard","meta":{"_citadela_custom_class":"","footnotes":""},"categories":[17],"tags":[],"class_list":["post-9022","post","type-post","status-publish","format-standard","hentry","category-economia"],"_links":{"self":[{"href":"https:\/\/destinationcyber.com\/index.php?rest_route=\/wp\/v2\/posts\/9022","targetHints":{"allow":["GET"]}}],"collection":[{"href":"https:\/\/destinationcyber.com\/index.php?rest_route=\/wp\/v2\/posts"}],"about":[{"href":"https:\/\/destinationcyber.com\/index.php?rest_route=\/wp\/v2\/types\/post"}],"author":[{"embeddable":true,"href":"https:\/\/destinationcyber.com\/index.php?rest_route=\/wp\/v2\/users\/1"}],"replies":[{"embeddable":true,"href":"https:\/\/destinationcyber.com\/index.php?rest_route=%2Fwp%2Fv2%2Fcomments&post=9022"}],"version-history":[{"count":0,"href":"https:\/\/destinationcyber.com\/index.php?rest_route=\/wp\/v2\/posts\/9022\/revisions"}],"wp:attachment":[{"href":"https:\/\/destinationcyber.com\/index.php?rest_route=%2Fwp%2Fv2%2Fmedia&parent=9022"}],"wp:term":[{"taxonomy":"category","embeddable":true,"href":"https:\/\/destinationcyber.com\/index.php?rest_route=%2Fwp%2Fv2%2Fcategories&post=9022"},{"taxonomy":"post_tag","embeddable":true,"href":"https:\/\/destinationcyber.com\/index.php?rest_route=%2Fwp%2Fv2%2Ftags&post=9022"}],"curies":[{"name":"wp","href":"https:\/\/api.w.org\/{rel}","templated":true}]}}