{"id":8993,"date":"2008-09-10T00:16:00","date_gmt":"2008-09-09T22:16:00","guid":{"rendered":"https:\/\/destinationcyber.com\/?p=8993"},"modified":"2008-09-10T00:16:00","modified_gmt":"2008-09-09T22:16:00","slug":"tapie-et-peyrelevade-se-defendent-pied-a-pied-devant-les-deputes","status":"publish","type":"post","link":"https:\/\/destinationcyber.com\/?p=8993","title":{"rendered":"Tapie et Peyrelevade se d\u00e9fendent pied \u00e0 pied devant les d\u00e9put\u00e9s"},"content":{"rendered":"<p>Bernard Tapie et l&rsquo;ancien PDG du Cr\u00e9dit Lyonnais Jean Peyrelevade ont vigoureusement plaid\u00e9 mercredi devant les d\u00e9put\u00e9s leur version de l&rsquo;affaire de la vente d&rsquo;Adidas en 1993 et de l&rsquo;arbitrage rendu en juillet en faveur de l&rsquo;ancien homme d&rsquo;affaires.<\/p>\n<p>L&rsquo;ancien ministre s&rsquo;est exprim\u00e9 pendant plus de trois heures devant de nombreux d\u00e9put\u00e9s de la Commission des finances de l&rsquo;Assembl\u00e9e nationale charg\u00e9e de faire la lumi\u00e8re sur la proc\u00e9dure d&rsquo;arbitrage qui s&rsquo;est sold\u00e9e par l&rsquo;octroi d&rsquo;une indemnit\u00e9 de 285 millions d&rsquo;euros (400 millions avec les int\u00e9r\u00eats) d&rsquo;euros aux liquidateurs du Groupe Bernard Tapie.<\/p>\n<p>Un tribunal arbitral a condamn\u00e9 le Consortium de r\u00e9alisation, h\u00e9ritier du Cr\u00e9dit Lyonnais, \u00e0 verser cette indemnit\u00e9 au motif que la banque avait flou\u00e9 M. Tapie d&rsquo;une importante plus-value lors de la revente d&rsquo;Adidas \u00e0 l&rsquo;industriel Robert-Louis Dreyfus en 1994.<\/p>\n<p>Bernard Tapie a d\u00e9nonc\u00e9 l&rsquo;attitude \u00ab\u00a0mafieuse\u00a0\u00bb de l&rsquo;ex-banque publique qui aurait eu recours \u00e0 un montage occulte pour s&rsquo;enrichir sur son dos.<\/p>\n<p>\u00ab\u00a0Ca fait mal d&rsquo;avoir son nom sur une poubelle\u00a0\u00bb, a-t-il lanc\u00e9 en allusion \u00e0 une publicit\u00e9 du Cr\u00e9dit Lyonnais parue dans le Figaro le 30 septembre 1994.<\/p>\n<p>\u00ab\u00a0Je ne souhaite \u00e0 personne que son nom devienne une injure publique.<\/p>\n<p>M\u00eame si j&rsquo;ai fait des fautes, et j&rsquo;en ai fait, je ne m\u00e9ritais pas ce traitement\u00a0\u00bb, s&rsquo;est-il emport\u00e9, visiblement tr\u00e8s \u00e9mu.<\/p>\n<p>M. Tapie avait justifi\u00e9 le recours \u00e0 l&rsquo;arbitrage en ces termes: \u00ab\u00a0j&rsquo;ai 65 ans.<\/p>\n<p>Cette affaire dure depuis que j&rsquo;ai 50 ans et le pronostic de mes avocats est qu&rsquo;elle va durer encore dix ans\u00a0\u00bb.<\/p>\n<p>Il a aussi balay\u00e9 le soup\u00e7on lancinant d&rsquo;une intervention du pouvoir pour favoriser ce recours.<\/p>\n<p>\u00ab\u00a0A aucun moment, strictement \u00e0 aucun moment, on ne peut voir la main du pouvoir dans la d\u00e9cision de faire l&rsquo;arbitrage\u00a0\u00bb, a-t-il ass\u00e9n\u00e9.<\/p>\n<p>En marge des auditions, le pr\u00e9sident du MoDem, Fran\u00e7ois Bayrou, et le premier secr\u00e9taire du PS, Fran\u00e7ois Hollande, mettant en cause directement l&rsquo;Elys\u00e9e, ont demand\u00e9 la r\u00e9union d&rsquo;une commission d&rsquo;enqu\u00eate parlementaire sur cette affaire.<\/p>\n<p>\u00ab\u00a0Celui qu&rsquo;il faut remettre en cause n&rsquo;est pas Bernard Tapie, il a jou\u00e9 selon ses int\u00e9r\u00eats: c&rsquo;est le pouvoir politique, qui lui a permis d&rsquo;obtenir ce qu&rsquo;il voulait\u00a0\u00bb, a fait valoir M. Hollande, selon lequel l&rsquo;ancien ministre de Fran\u00e7ois Mitterrand est \u00ab\u00a0aujourd&rsquo;hui plut\u00f4t l&rsquo;ami politique de Nicolas Sarkozy\u00a0\u00bb.<\/p>\n<p>Entendu plus t\u00f4t, Jean Peyrelevade, arriv\u00e9 \u00e0 la t\u00eate du Lyonnais en novembre 1993, apr\u00e8s la vente d&rsquo;Adidas, et actuellement vice-pr\u00e9sident du MoDem, a fustig\u00e9 la sentence arbitrale, qu&rsquo;il a qualifi\u00e9e de \u00ab\u00a0mensong\u00e8re\u00a0\u00bb.<\/p>\n<p>Fanch<\/p>\n","protected":false},"excerpt":{"rendered":"<p>Bernard Tapie et l&rsquo;ancien PDG du Cr\u00e9dit Lyonnais Jean Peyrelevade ont vigoureusement plaid\u00e9 mercredi devant les d\u00e9put\u00e9s leur version de l&rsquo;affaire de la vente d&rsquo;Adidas en 1993 et de l&rsquo;arbitrage rendu en juillet en faveur de l&rsquo;ancien homme d&rsquo;affaires. L&rsquo;ancien ministre s&rsquo;est exprim\u00e9 pendant plus de trois heures devant de nombreux d\u00e9put\u00e9s de la Commission [&hellip;]<\/p>\n","protected":false},"author":1,"featured_media":0,"comment_status":"closed","ping_status":"open","sticky":false,"template":"","format":"standard","meta":{"_citadela_custom_class":"","footnotes":""},"categories":[17],"tags":[],"class_list":["post-8993","post","type-post","status-publish","format-standard","hentry","category-economia"],"_links":{"self":[{"href":"https:\/\/destinationcyber.com\/index.php?rest_route=\/wp\/v2\/posts\/8993","targetHints":{"allow":["GET"]}}],"collection":[{"href":"https:\/\/destinationcyber.com\/index.php?rest_route=\/wp\/v2\/posts"}],"about":[{"href":"https:\/\/destinationcyber.com\/index.php?rest_route=\/wp\/v2\/types\/post"}],"author":[{"embeddable":true,"href":"https:\/\/destinationcyber.com\/index.php?rest_route=\/wp\/v2\/users\/1"}],"replies":[{"embeddable":true,"href":"https:\/\/destinationcyber.com\/index.php?rest_route=%2Fwp%2Fv2%2Fcomments&post=8993"}],"version-history":[{"count":0,"href":"https:\/\/destinationcyber.com\/index.php?rest_route=\/wp\/v2\/posts\/8993\/revisions"}],"wp:attachment":[{"href":"https:\/\/destinationcyber.com\/index.php?rest_route=%2Fwp%2Fv2%2Fmedia&parent=8993"}],"wp:term":[{"taxonomy":"category","embeddable":true,"href":"https:\/\/destinationcyber.com\/index.php?rest_route=%2Fwp%2Fv2%2Fcategories&post=8993"},{"taxonomy":"post_tag","embeddable":true,"href":"https:\/\/destinationcyber.com\/index.php?rest_route=%2Fwp%2Fv2%2Ftags&post=8993"}],"curies":[{"name":"wp","href":"https:\/\/api.w.org\/{rel}","templated":true}]}}