{"id":8978,"date":"2008-09-05T23:17:38","date_gmt":"2008-09-05T21:17:38","guid":{"rendered":"https:\/\/destinationcyber.com\/?p=8978"},"modified":"2008-09-05T23:17:38","modified_gmt":"2008-09-05T21:17:38","slug":"la-future-carte-grise-attribue-a-vie-entrera-en-vigueur-au-1er-janvier-2009","status":"publish","type":"post","link":"https:\/\/destinationcyber.com\/?p=8978","title":{"rendered":"La future carte grise attribu\u00e9 \u00ab\u00a0\u00e0 vie\u00a0\u00bb, entrera en vigueur au 1er janvier 2009"},"content":{"rendered":"<p>La future carte grise, adapt\u00e9e au nouveau syst\u00e8me d&rsquo;immatriculation des v\u00e9hicules (SIV) attribu\u00e9 \u00ab\u00a0\u00e0 vie\u00a0\u00bb, entrera en vigueur au 1er janvier 2009, et apportera \u00ab\u00a0plus de simplicit\u00e9 et de s\u00e9curit\u00e9\u00a0\u00bb aux automobilistes, selon la ministre de l&rsquo;Int\u00e9rieur Mich\u00e8le Alliot-Marie.<\/p>\n<p>Le nouveau SIV, qui restera attribu\u00e9 au v\u00e9hicule toute sa vie m\u00eame en cas de changement de propri\u00e9taire, comportera deux s\u00e9ries de deux lettres encadrant une s\u00e9rie de trois chiffres, les unes s\u00e9par\u00e9es des autres par un tiret.<br \/>\n<img loading=\"lazy\" decoding=\"async\" class=\" aligncenter size-full wp-image-8977\" src=\"https:\/\/destinationcyber.com\/wp-content\/uploads\/2008\/09\/jpg_une-nouvelle-carte-grise.jpg\" alt=\"une-nouvelle-carte-grise.jpg\" align=\"center\" width=\"436\" height=\"349\" srcset=\"https:\/\/destinationcyber.com\/wp-content\/uploads\/2008\/09\/jpg_une-nouvelle-carte-grise.jpg 436w, https:\/\/destinationcyber.com\/wp-content\/uploads\/2008\/09\/jpg_une-nouvelle-carte-grise-300x240.jpg 300w\" sizes=\"auto, (max-width: 436px) 100vw, 436px\" \/><br \/>\nLes nouvelles plaques porteront ou non un num\u00e9ro de d\u00e9partement surmont\u00e9 du logo de la r\u00e9gion correspondante, selon que le propri\u00e9taire le souhaitera.<\/p>\n<p>La ministre s&rsquo;est dite vendredi \u00ab\u00a0assez favorable \u00e0 ce (qu&rsquo;il) figure sur ces plaques\u00a0\u00bb.<\/p>\n<p>La d\u00e9livrance de la nouvelle carte grise \u00ab\u00a0sera facilit\u00e9e\u00a0\u00bb, a soulign\u00e9 la ministre, pr\u00e9cisant que la demande pourra \u00eatre faite \u00ab\u00a0partout en France, quel que soit le domicile de l&rsquo;automobiliste\u00a0\u00bb.<\/p>\n<p>Une fois la demande effectu\u00e9e, l&rsquo;usager recevra un \u00ab\u00a0certificat provisoire d&rsquo;immatriculation, puis, dans un d\u00e9lai maximum d&rsquo;une semaine, sa carte grise d\u00e9finitive lui sera adress\u00e9e \u00e0 domicile par un courrier s\u00e9curis\u00e9\u00a0\u00bb.<\/p>\n<p>Il en co\u00fbtera une somme \u00ab\u00a0de 2,50 euros, pr\u00e9lev\u00e9e en m\u00eame temps que les taxes habituelles\u00a0\u00bb, a pr\u00e9cis\u00e9 la ministre.<\/p>\n<p>En cas de changement d&rsquo;adresse, m\u00eame en s&rsquo;installant dans un autre d\u00e9partement, il ne sera pas n\u00e9cessaire de faire changer la carte grise, il suffira de signaler le d\u00e9m\u00e9nagement pour recevoir \u00ab\u00a0un autocollant s\u00e9curis\u00e9\u00a0\u00bb \u00e0 appliquer \u00e0 l&#8217;emplacement de l&rsquo;ancienne adresse.<\/p>\n<p>\u00ab\u00a0Simplicit\u00e9\u00a0\u00bb, mais aussi \u00ab\u00a0s\u00e9curit\u00e9\u00a0\u00bb, a insist\u00e9 la ministre, notamment du fait d&rsquo;une \u00ab\u00a0production centralis\u00e9e\u00a0\u00bb et de l&rsquo;envoi du document par courrier s\u00e9curis\u00e9, le tout \u00ab\u00a0devant consid\u00e9rablement r\u00e9duire les risques de vols de documents vierges\u00a0\u00bb, a-t-elle estim\u00e9.<\/p>\n<p>Enfin, outre le num\u00e9ro d&rsquo;immatriculation perfor\u00e9 au laser, une zone de lecture optique, au bas du recto de la carte grise, semblable \u00e0 celle figurant sur les nouveaux passeports, facilitera les contr\u00f4les de police et de gendarmerie en automatisant l&rsquo;interrogation de leurs fichiers.<\/p>\n<p>Fanch<\/p>\n","protected":false},"excerpt":{"rendered":"<p>La future carte grise, adapt\u00e9e au nouveau syst\u00e8me d&rsquo;immatriculation des v\u00e9hicules (SIV) attribu\u00e9 \u00ab\u00a0\u00e0 vie\u00a0\u00bb, entrera en vigueur au 1er janvier 2009, et apportera \u00ab\u00a0plus de simplicit\u00e9 et de s\u00e9curit\u00e9\u00a0\u00bb aux automobilistes, selon la ministre de l&rsquo;Int\u00e9rieur Mich\u00e8le Alliot-Marie. Le nouveau SIV, qui restera attribu\u00e9 au v\u00e9hicule toute sa vie m\u00eame en cas de changement [&hellip;]<\/p>\n","protected":false},"author":1,"featured_media":8977,"comment_status":"closed","ping_status":"open","sticky":false,"template":"","format":"standard","meta":{"_citadela_custom_class":"","footnotes":""},"categories":[15],"tags":[],"class_list":["post-8978","post","type-post","status-publish","format-standard","has-post-thumbnail","hentry","category-securite"],"_links":{"self":[{"href":"https:\/\/destinationcyber.com\/index.php?rest_route=\/wp\/v2\/posts\/8978","targetHints":{"allow":["GET"]}}],"collection":[{"href":"https:\/\/destinationcyber.com\/index.php?rest_route=\/wp\/v2\/posts"}],"about":[{"href":"https:\/\/destinationcyber.com\/index.php?rest_route=\/wp\/v2\/types\/post"}],"author":[{"embeddable":true,"href":"https:\/\/destinationcyber.com\/index.php?rest_route=\/wp\/v2\/users\/1"}],"replies":[{"embeddable":true,"href":"https:\/\/destinationcyber.com\/index.php?rest_route=%2Fwp%2Fv2%2Fcomments&post=8978"}],"version-history":[{"count":0,"href":"https:\/\/destinationcyber.com\/index.php?rest_route=\/wp\/v2\/posts\/8978\/revisions"}],"wp:featuredmedia":[{"embeddable":true,"href":"https:\/\/destinationcyber.com\/index.php?rest_route=\/wp\/v2\/media\/8977"}],"wp:attachment":[{"href":"https:\/\/destinationcyber.com\/index.php?rest_route=%2Fwp%2Fv2%2Fmedia&parent=8978"}],"wp:term":[{"taxonomy":"category","embeddable":true,"href":"https:\/\/destinationcyber.com\/index.php?rest_route=%2Fwp%2Fv2%2Fcategories&post=8978"},{"taxonomy":"post_tag","embeddable":true,"href":"https:\/\/destinationcyber.com\/index.php?rest_route=%2Fwp%2Fv2%2Ftags&post=8978"}],"curies":[{"name":"wp","href":"https:\/\/api.w.org\/{rel}","templated":true}]}}