{"id":8969,"date":"2008-09-02T00:19:25","date_gmt":"2008-09-01T22:19:25","guid":{"rendered":"https:\/\/destinationcyber.com\/?p=8969"},"modified":"2008-09-02T00:19:25","modified_gmt":"2008-09-01T22:19:25","slug":"pas-daide-au-transport-pour-le-medef","status":"publish","type":"post","link":"https:\/\/destinationcyber.com\/?p=8969","title":{"rendered":"Pas d&rsquo;aide au transport pour le MEDEF"},"content":{"rendered":"<p>La pr\u00e9sidente du Medef, Laurence Parisot, a affirm\u00e9 lundi ne pas vouloir participer \u00e0 l \u00ab\u00a0erreur \u00e9conomique\u00a0\u00bb que constitue selon elle l&rsquo;aide au transport, et \u00e0 une n\u00e9gociation \u00ab\u00a0dont l&rsquo;enjeu unique serait d&rsquo;augmenter les charges des entreprises\u00a0\u00bb.<\/p>\n<p>La Conf\u00e9d\u00e9ration g\u00e9n\u00e9rale des petites et moyennes entreprises (CGPME) a invit\u00e9 les partenaires sociaux \u00e0 se r\u00e9unir dans \u00ab\u00a0la premi\u00e8re semaine de septembre\u00a0\u00bb pour \u00ab\u00a0examiner ensemble la possibilit\u00e9 de faire des pr\u00e9conisations communes sur les modalit\u00e9s\u00a0\u00bb de l&rsquo;aide au transport annonc\u00e9e en juin par le Premier ministre, Fran\u00e7ois Fillon.<\/p>\n<p>Elle a re\u00e7u les r\u00e9ponses positives de trois syndicats (FO, CFTC et CGC).<\/p>\n<p>La CGT a refus\u00e9 d&rsquo;y participer, au motif que le Medef a \u00ab\u00a0publiquement\u00a0\u00bb refus\u00e9 d&rsquo;engager des discussions.<\/p>\n<p>M. Fillon a donn\u00e9 jusqu&rsquo;au 15 septembre aux partenaires sociaux pour faire des propositions sur cette aide.<\/p>\n<p>\u00ab\u00a0Je consid\u00e8re qu&rsquo;il y a un enjeu environnemental consid\u00e9rable dans cette affaire, il faut tout faire pour inciter le transport collectif\u00a0\u00bb, a-t-elle plaid\u00e9.<\/p>\n<p>\u00ab\u00a0Ce qui serait bienvenu pour les salari\u00e9s, ce serait une croissance soutenue, un pouvoir d&rsquo;achat net qui augmente, pas une prime un jour pour tel produit parce qu&rsquo;il augmente\u00a0\u00bb, a-t-elle dit, rappelant que les entreprises \u00ab\u00a0financent chaque ann\u00e9e entre 4 et 5 milliards d&rsquo;euros pour d\u00e9velopper les transports publics en France.<\/p>\n<p>Selon elle, si \u00ab\u00a0on entre dans une obligation de prime au transport\u00a0\u00bb, \u00ab\u00a0le gouvernement va voir l&rsquo;incroyable complexit\u00e9 du dossier\u00a0\u00bb.<\/p>\n<p>\u00ab\u00a0La question qui se pose, c&rsquo;est quelle ligne directrice on doit adopter en mati\u00e8re de fiscalit\u00e9 (&#8230;), d&rsquo;autant plus que nous traversons une bourrasque sur le plan \u00e9conomique\u00a0\u00bb, a ajout\u00e9 la pr\u00e9sidente du Medef.<\/p>\n<p>Fanch<\/p>\n","protected":false},"excerpt":{"rendered":"<p>La pr\u00e9sidente du Medef, Laurence Parisot, a affirm\u00e9 lundi ne pas vouloir participer \u00e0 l \u00ab\u00a0erreur \u00e9conomique\u00a0\u00bb que constitue selon elle l&rsquo;aide au transport, et \u00e0 une n\u00e9gociation \u00ab\u00a0dont l&rsquo;enjeu unique serait d&rsquo;augmenter les charges des entreprises\u00a0\u00bb. La Conf\u00e9d\u00e9ration g\u00e9n\u00e9rale des petites et moyennes entreprises (CGPME) a invit\u00e9 les partenaires sociaux \u00e0 se r\u00e9unir dans [&hellip;]<\/p>\n","protected":false},"author":1,"featured_media":0,"comment_status":"closed","ping_status":"open","sticky":false,"template":"","format":"standard","meta":{"_citadela_custom_class":"","footnotes":""},"categories":[17],"tags":[],"class_list":["post-8969","post","type-post","status-publish","format-standard","hentry","category-economia"],"_links":{"self":[{"href":"https:\/\/destinationcyber.com\/index.php?rest_route=\/wp\/v2\/posts\/8969","targetHints":{"allow":["GET"]}}],"collection":[{"href":"https:\/\/destinationcyber.com\/index.php?rest_route=\/wp\/v2\/posts"}],"about":[{"href":"https:\/\/destinationcyber.com\/index.php?rest_route=\/wp\/v2\/types\/post"}],"author":[{"embeddable":true,"href":"https:\/\/destinationcyber.com\/index.php?rest_route=\/wp\/v2\/users\/1"}],"replies":[{"embeddable":true,"href":"https:\/\/destinationcyber.com\/index.php?rest_route=%2Fwp%2Fv2%2Fcomments&post=8969"}],"version-history":[{"count":0,"href":"https:\/\/destinationcyber.com\/index.php?rest_route=\/wp\/v2\/posts\/8969\/revisions"}],"wp:attachment":[{"href":"https:\/\/destinationcyber.com\/index.php?rest_route=%2Fwp%2Fv2%2Fmedia&parent=8969"}],"wp:term":[{"taxonomy":"category","embeddable":true,"href":"https:\/\/destinationcyber.com\/index.php?rest_route=%2Fwp%2Fv2%2Fcategories&post=8969"},{"taxonomy":"post_tag","embeddable":true,"href":"https:\/\/destinationcyber.com\/index.php?rest_route=%2Fwp%2Fv2%2Ftags&post=8969"}],"curies":[{"name":"wp","href":"https:\/\/api.w.org\/{rel}","templated":true}]}}