{"id":8899,"date":"2008-08-16T21:06:23","date_gmt":"2008-08-16T19:06:23","guid":{"rendered":"https:\/\/destinationcyber.com\/?p=8899"},"modified":"2008-08-16T21:06:23","modified_gmt":"2008-08-16T19:06:23","slug":"31-millions-de-francais-sont-illettres-dont-plus-de-la-moitie-de-salaries","status":"publish","type":"post","link":"https:\/\/destinationcyber.com\/?p=8899","title":{"rendered":"3,1 millions de Fran\u00e7ais sont illettr\u00e9s, dont plus de la moiti\u00e9 de salari\u00e9s"},"content":{"rendered":"<p>Peugeot, Danone, mais aussi le Conseil r\u00e9gional de Picardie, le Centre national de la fonction publique territoriale (CNFPT), les organismes de travail temporaire (FAF TT), etc. : longtemps ignor\u00e9e &#8211; sinon franchement taboue -, la lutte contre l&rsquo;illettrisme est en passe de devenir un sujet crucial pour les entreprises et les collectivit\u00e9s locales.<\/p>\n<p>Petit \u00e0 petit, les \u00abformations de base\u00bb ont pris place aux c\u00f4t\u00e9s des cursus techniques ou des cours d&rsquo;anglais dans les plans de formation.<\/p>\n<p>\u00abIl y a eu un changement d&rsquo;attitude quand les entreprises ont r\u00e9alis\u00e9 que 1,8 million d&rsquo;illettr\u00e9s \u00e9taient des salari\u00e9s\u00bb, se f\u00e9licite Marie-Th\u00e9r\u00e8se Geffroy, \u00e0 la t\u00eate de l&rsquo;Agence nationale de lutte contre l&rsquo;illettrisme (Anlci).<br \/>\n<img loading=\"lazy\" decoding=\"async\" class=\" aligncenter size-full wp-image-8898\" src=\"https:\/\/destinationcyber.com\/wp-content\/uploads\/2008\/08\/jpg_illettrisme.jpg\" alt=\"illettrisme.jpg\" align=\"center\" width=\"681\" height=\"281\" srcset=\"https:\/\/destinationcyber.com\/wp-content\/uploads\/2008\/08\/jpg_illettrisme.jpg 681w, https:\/\/destinationcyber.com\/wp-content\/uploads\/2008\/08\/jpg_illettrisme-300x124.jpg 300w\" sizes=\"auto, (max-width: 681px) 100vw, 681px\" \/><br \/>\nLa publication des statistiques avait suscit\u00e9 un \u00e9lectrochoc en 2005.<\/p>\n<p>Quelque 3,1 millions de Fran\u00e7ais sont consid\u00e9r\u00e9s comme illettr\u00e9s : contrairement aux analphab\u00e8tes, ils ont suivi un cursus scolaire, mais ils ont depuis oubli\u00e9 leurs \u00abfondamentaux\u00bb (lire, comprendre ce que l&rsquo;on lit).<\/p>\n<p>A ces difficult\u00e9s s&rsquo;ajoutent celles, diff\u00e9rentes, \u00e9prouv\u00e9es par 1,4 million d&rsquo;immigr\u00e9s qui ne comprennent pas le fran\u00e7ais.<\/p>\n<p>Contrairement aux id\u00e9es re\u00e7ues, l&rsquo;illettrisme, s&rsquo;il progresse avec l&rsquo;\u00e2ge, n&rsquo;est pas concentr\u00e9 dans les quartiers sensibles.<\/p>\n<p>Vingt-huit pour-cent des personnes concern\u00e9es vivent en zone rurale.<\/p>\n<p>Toute la difficult\u00e9 est donc de parvenir \u00e0 les d\u00e9tecter pour les convaincre de se former.<\/p>\n<p>D&rsquo;o\u00f9 l&rsquo;importance des structures de proximit\u00e9.<\/p>\n<p>Les conseils r\u00e9gionaux ont commenc\u00e9 \u00e0 intensifier leurs efforts il y a deux ou trois ans : \u00abIl y a eu un vrai essor\u00bb, reconna\u00eet l&rsquo;Association des r\u00e9gions de France.<\/p>\n<p>En Picardie, le syst\u00e8me de formation en ligne, \u00e0 la fr\u00e9quentation d\u00e9cevante, va \u00eatre r\u00e9form\u00e9.<\/p>\n<p>Dans le Nord, qui d\u00e9tient le triste record du taux d&rsquo;illettr\u00e9s (15 %), les associations, tr\u00e8s impliqu\u00e9es, sont soutenues.<\/p>\n<p>Seules deux ou trois r\u00e9gions sont \u00e0 la tra\u00eene.<\/p>\n<p>Les petites entreprises, encadr\u00e9es par l&rsquo;Agefos-PME, ont d\u00e9j\u00e0 form\u00e9 500 salari\u00e9s.<\/p>\n<p>Pour les DRH, la prise de conscience a parfois \u00e9t\u00e9 brutale.<\/p>\n<p>Le CNFPT par exemple, pensait n&rsquo;avoir pas ce probl\u00e8me, or 14 % des agents d&rsquo;ex\u00e9cution ont de graves difficult\u00e9s.<\/p>\n<p>Il faut parfois un gros changement en interne, comme la fabrication d&rsquo;un nouveau produit chez Peugeot ou Danone, pour que les plans de formation de base fonctionnent&#8230;<\/p>\n<p>Fanch<\/p>\n","protected":false},"excerpt":{"rendered":"<p>Peugeot, Danone, mais aussi le Conseil r\u00e9gional de Picardie, le Centre national de la fonction publique territoriale (CNFPT), les organismes de travail temporaire (FAF TT), etc. : longtemps ignor\u00e9e &#8211; sinon franchement taboue -, la lutte contre l&rsquo;illettrisme est en passe de devenir un sujet crucial pour les entreprises et les collectivit\u00e9s locales. Petit \u00e0 [&hellip;]<\/p>\n","protected":false},"author":1,"featured_media":8898,"comment_status":"closed","ping_status":"open","sticky":false,"template":"","format":"standard","meta":{"_citadela_custom_class":"","footnotes":""},"categories":[16],"tags":[],"class_list":["post-8899","post","type-post","status-publish","format-standard","has-post-thumbnail","hentry","category-bricabrac"],"_links":{"self":[{"href":"https:\/\/destinationcyber.com\/index.php?rest_route=\/wp\/v2\/posts\/8899","targetHints":{"allow":["GET"]}}],"collection":[{"href":"https:\/\/destinationcyber.com\/index.php?rest_route=\/wp\/v2\/posts"}],"about":[{"href":"https:\/\/destinationcyber.com\/index.php?rest_route=\/wp\/v2\/types\/post"}],"author":[{"embeddable":true,"href":"https:\/\/destinationcyber.com\/index.php?rest_route=\/wp\/v2\/users\/1"}],"replies":[{"embeddable":true,"href":"https:\/\/destinationcyber.com\/index.php?rest_route=%2Fwp%2Fv2%2Fcomments&post=8899"}],"version-history":[{"count":0,"href":"https:\/\/destinationcyber.com\/index.php?rest_route=\/wp\/v2\/posts\/8899\/revisions"}],"wp:featuredmedia":[{"embeddable":true,"href":"https:\/\/destinationcyber.com\/index.php?rest_route=\/wp\/v2\/media\/8898"}],"wp:attachment":[{"href":"https:\/\/destinationcyber.com\/index.php?rest_route=%2Fwp%2Fv2%2Fmedia&parent=8899"}],"wp:term":[{"taxonomy":"category","embeddable":true,"href":"https:\/\/destinationcyber.com\/index.php?rest_route=%2Fwp%2Fv2%2Fcategories&post=8899"},{"taxonomy":"post_tag","embeddable":true,"href":"https:\/\/destinationcyber.com\/index.php?rest_route=%2Fwp%2Fv2%2Ftags&post=8899"}],"curies":[{"name":"wp","href":"https:\/\/api.w.org\/{rel}","templated":true}]}}