{"id":8877,"date":"2008-08-13T15:56:43","date_gmt":"2008-08-13T13:56:43","guid":{"rendered":"https:\/\/destinationcyber.com\/?p=8877"},"modified":"2008-08-13T15:56:43","modified_gmt":"2008-08-13T13:56:43","slug":"lassociation-americaine-de-personnes-souffrant-de-handicap-aapd-a-indique-avoir-appele-a-boycotter-tonnerre-sous-les-tropiques-qui-sort-vendredi-en-amerique-du-nord","status":"publish","type":"post","link":"https:\/\/destinationcyber.com\/?p=8877","title":{"rendered":"L&rsquo;association am\u00e9ricaine de personnes souffrant de handicap (AAPD) a indiqu\u00e9 avoir appel\u00e9 \u00e0 boycotter \u00ab\u00a0Tonnerre sous les tropiques\u00a0\u00bb, qui sort vendredi en Am\u00e9rique du Nord"},"content":{"rendered":"<p>Des groupes am\u00e9ricains repr\u00e9sentant des handicap\u00e9s ont exprim\u00e9 leur col\u00e8re face au dernier film avec le com\u00e9dien populaire Ben Stiller, estimant que son emploi r\u00e9p\u00e9t\u00e9 d&rsquo;un nom argotique pour d\u00e9finir les handicap\u00e9s mentaux \u00e9tait \u00ab\u00a0d\u00e9go\u00fbtant et atterrant\u00a0\u00bb.<\/p>\n<p>Dans un communiqu\u00e9 obtenu mardi par l&rsquo;AFP, l&rsquo;association am\u00e9ricaine de personnes souffrant de handicap (AAPD) a indiqu\u00e9 avoir appel\u00e9 \u00e0 boycotter \u00ab\u00a0Tonnerre sous les tropiques\u00a0\u00bb, qui sort vendredi en Am\u00e9rique du Nord.<\/p>\n<p>En cause, l&rsquo;utilisation du terme anglais \u00ab\u00a0<strong><sc>retard\u00a0\u00bb (d\u00e9bile)<\/sc><\/strong> appliqu\u00e9 au personnage jou\u00e9 par Stiller dans ce long m\u00e9trage qui raconte le tournage loufoque d&rsquo;un film cens\u00e9 se passer lors d&rsquo;un conflit en Asie du Sud-est.<\/p>\n<p>L&rsquo;AAPD a estim\u00e9 que le film constituait \u00ab\u00a0la suite d&rsquo;une horrible description des personnages handicap\u00e9s dans le (secteur du) divertissement\u00a0\u00bb et s&rsquo;est dite \u00ab\u00a0d\u00e9go\u00fbt\u00e9e par l&rsquo;utilisation du mot \u00ab <strong><sc>d\u00e9bile<\/sc><\/strong> \u00bb \u00e0 plusieurs reprises dans le film\u00a0\u00bb.<\/p>\n<p>Fanch<\/p>\n","protected":false},"excerpt":{"rendered":"<p>Des groupes am\u00e9ricains repr\u00e9sentant des handicap\u00e9s ont exprim\u00e9 leur col\u00e8re face au dernier film avec le com\u00e9dien populaire Ben Stiller, estimant que son emploi r\u00e9p\u00e9t\u00e9 d&rsquo;un nom argotique pour d\u00e9finir les handicap\u00e9s mentaux \u00e9tait \u00ab\u00a0d\u00e9go\u00fbtant et atterrant\u00a0\u00bb. Dans un communiqu\u00e9 obtenu mardi par l&rsquo;AFP, l&rsquo;association am\u00e9ricaine de personnes souffrant de handicap (AAPD) a indiqu\u00e9 avoir [&hellip;]<\/p>\n","protected":false},"author":1,"featured_media":0,"comment_status":"closed","ping_status":"open","sticky":false,"template":"","format":"standard","meta":{"_citadela_custom_class":"","footnotes":""},"categories":[18],"tags":[],"class_list":["post-8877","post","type-post","status-publish","format-standard","hentry","category-medias"],"_links":{"self":[{"href":"https:\/\/destinationcyber.com\/index.php?rest_route=\/wp\/v2\/posts\/8877","targetHints":{"allow":["GET"]}}],"collection":[{"href":"https:\/\/destinationcyber.com\/index.php?rest_route=\/wp\/v2\/posts"}],"about":[{"href":"https:\/\/destinationcyber.com\/index.php?rest_route=\/wp\/v2\/types\/post"}],"author":[{"embeddable":true,"href":"https:\/\/destinationcyber.com\/index.php?rest_route=\/wp\/v2\/users\/1"}],"replies":[{"embeddable":true,"href":"https:\/\/destinationcyber.com\/index.php?rest_route=%2Fwp%2Fv2%2Fcomments&post=8877"}],"version-history":[{"count":0,"href":"https:\/\/destinationcyber.com\/index.php?rest_route=\/wp\/v2\/posts\/8877\/revisions"}],"wp:attachment":[{"href":"https:\/\/destinationcyber.com\/index.php?rest_route=%2Fwp%2Fv2%2Fmedia&parent=8877"}],"wp:term":[{"taxonomy":"category","embeddable":true,"href":"https:\/\/destinationcyber.com\/index.php?rest_route=%2Fwp%2Fv2%2Fcategories&post=8877"},{"taxonomy":"post_tag","embeddable":true,"href":"https:\/\/destinationcyber.com\/index.php?rest_route=%2Fwp%2Fv2%2Ftags&post=8877"}],"curies":[{"name":"wp","href":"https:\/\/api.w.org\/{rel}","templated":true}]}}