{"id":8875,"date":"2008-08-13T15:09:19","date_gmt":"2008-08-13T13:09:19","guid":{"rendered":"https:\/\/destinationcyber.com\/?p=8875"},"modified":"2008-08-13T15:09:19","modified_gmt":"2008-08-13T13:09:19","slug":"conditionnalite-des-allegements-de-charges","status":"publish","type":"post","link":"https:\/\/destinationcyber.com\/?p=8875","title":{"rendered":"Conditionnalit\u00e9 des all\u00e8gements de charges"},"content":{"rendered":"<p>La conditionnalit\u00e9 des all\u00e8gements de charges expliqu\u00e9 par Laurent Wauquiez Secr\u00e9taire d&#8217;Etat charg\u00e9 de l&#8217;Emploi, aupr\u00e8s de la ministre de l&#8217;Economie, de l&#8217;Industrie et de l&#8217;Emploi.<\/p>\n<p><center>  <object classid=\"clsid:d27cdb6e-ae6d-11cf-96b8-444553540000\" codebase=\"http:\/\/fpdownload.macromedia.com\/pub\/shockwave\/cabs\/flash\/swflash.cab#version=8,0,0,0\" width=\"320\" height=\"280\" id=\"testing\" align=\"middle\"><param name=\"allowScriptAccess\" value=\"sameDomain\" \/><param name=\"FlashVars\" value=\"myURL=http:\/\/http5.asc.yacast.net\/reformes\/lwallegementchargesociales.flv\" \/><param name=\"movie\" value=\"http:\/\/www.touteslesreformes.com\/vtest.swf?myURL=http:\/\/http5.asc.yacast.net\/reformes\/lwallegementchargesociales.flv\" \/><param name=\"quality\" value=\"high\" \/><param name=\"loop\" value=\"true\" \/><param name=\"bgcolor\" value=\"#BDC8D6\" \/><embed src=\"http:\/\/www.touteslesreformes.com\/vtest.swf\"  FlashVars=\"myURL=http:\/\/http5.asc.yacast.net\/reformes\/lwallegementchargesociales.flv\" quality=\"high\" bgcolor=\"#BDC8D6\" width=\"320\" height=\"280\" name=\"testing\" align=\"middle\" allowScriptAccess=\"sameDomain\" type=\"application\/x-shockwave-flash\" pluginspage=\"http:\/\/www.macromedia.com\/go\/getflashplayer\" \/><\/object>\t  <\/center><\/p>\n<p>Bonne vid\u00e9o.<\/p>\n<p>Fanch<\/p>\n","protected":false},"excerpt":{"rendered":"<p>La conditionnalit\u00e9 des all\u00e8gements de charges expliqu\u00e9 par Laurent Wauquiez Secr\u00e9taire d&#8217;Etat charg\u00e9 de l&#8217;Emploi, aupr\u00e8s de la ministre de l&#8217;Economie, de l&#8217;Industrie et de l&#8217;Emploi. Bonne vid\u00e9o. Fanch<\/p>\n","protected":false},"author":1,"featured_media":0,"comment_status":"closed","ping_status":"open","sticky":false,"template":"","format":"standard","meta":{"_citadela_custom_class":"","footnotes":""},"categories":[39],"tags":[],"class_list":["post-8875","post","type-post","status-publish","format-standard","hentry","category-video-clips"],"_links":{"self":[{"href":"https:\/\/destinationcyber.com\/index.php?rest_route=\/wp\/v2\/posts\/8875","targetHints":{"allow":["GET"]}}],"collection":[{"href":"https:\/\/destinationcyber.com\/index.php?rest_route=\/wp\/v2\/posts"}],"about":[{"href":"https:\/\/destinationcyber.com\/index.php?rest_route=\/wp\/v2\/types\/post"}],"author":[{"embeddable":true,"href":"https:\/\/destinationcyber.com\/index.php?rest_route=\/wp\/v2\/users\/1"}],"replies":[{"embeddable":true,"href":"https:\/\/destinationcyber.com\/index.php?rest_route=%2Fwp%2Fv2%2Fcomments&post=8875"}],"version-history":[{"count":0,"href":"https:\/\/destinationcyber.com\/index.php?rest_route=\/wp\/v2\/posts\/8875\/revisions"}],"wp:attachment":[{"href":"https:\/\/destinationcyber.com\/index.php?rest_route=%2Fwp%2Fv2%2Fmedia&parent=8875"}],"wp:term":[{"taxonomy":"category","embeddable":true,"href":"https:\/\/destinationcyber.com\/index.php?rest_route=%2Fwp%2Fv2%2Fcategories&post=8875"},{"taxonomy":"post_tag","embeddable":true,"href":"https:\/\/destinationcyber.com\/index.php?rest_route=%2Fwp%2Fv2%2Ftags&post=8875"}],"curies":[{"name":"wp","href":"https:\/\/api.w.org\/{rel}","templated":true}]}}