{"id":8874,"date":"2008-08-13T15:02:14","date_gmt":"2008-08-13T13:02:14","guid":{"rendered":"https:\/\/destinationcyber.com\/?p=8874"},"modified":"2008-08-13T15:02:14","modified_gmt":"2008-08-13T13:02:14","slug":"reforme-de-la-formation-professionnelle","status":"publish","type":"post","link":"https:\/\/destinationcyber.com\/?p=8874","title":{"rendered":"R\u00e9forme de la formation professionnelle"},"content":{"rendered":"<p>La r\u00e9forme de la formation professionnelle expliqu\u00e9 par Laurent Wauquiez Secr\u00e9taire d&#8217;Etat charg\u00e9 de l&#8217;Emploi, aupr\u00e8s de la ministre de l&#8217;Economie, de l&#8217;Industrie et de l&#8217;Emploi.<\/p>\n<p><center><object classid=\"clsid:d27cdb6e-ae6d-11cf-96b8-444553540000\" codebase=\"http:\/\/fpdownload.macromedia.com\/pub\/shockwave\/cabs\/flash\/swflash.cab#version=8,0,0,0\" width=\"320\" height=\"280\" id=\"testing\" align=\"middle\"><param name=\"allowScriptAccess\" value=\"sameDomain\" \/><param name=\"FlashVars\" value=\"myURL=http:\/\/http5.asc.yacast.net\/reformes\/lwformationpro.flv\" \/><param name=\"movie\" value=\"http:\/\/www.touteslesreformes.com\/vtest.swf?myURL=http:\/\/http5.asc.yacast.net\/reformes\/lwformationpro.flv\" \/><param name=\"quality\" value=\"high\" \/><param name=\"loop\" value=\"true\" \/><param name=\"bgcolor\" value=\"#BDC8D6\" \/><embed src=\"http:\/\/www.touteslesreformes.com\/vtest.swf\"  FlashVars=\"myURL=http:\/\/http5.asc.yacast.net\/reformes\/lwformationpro.flv\" quality=\"high\" bgcolor=\"#BDC8D6\" width=\"320\" height=\"280\" name=\"testing\" align=\"middle\" allowScriptAccess=\"sameDomain\" type=\"application\/x-shockwave-flash\" pluginspage=\"http:\/\/www.macromedia.com\/go\/getflashplayer\" \/><\/object><\/center><\/p>\n<p>Bonne vid\u00e9o.<\/p>\n<p>Fanch<\/p>\n","protected":false},"excerpt":{"rendered":"<p>La r\u00e9forme de la formation professionnelle expliqu\u00e9 par Laurent Wauquiez Secr\u00e9taire d&#8217;Etat charg\u00e9 de l&#8217;Emploi, aupr\u00e8s de la ministre de l&#8217;Economie, de l&#8217;Industrie et de l&#8217;Emploi. Bonne vid\u00e9o. Fanch<\/p>\n","protected":false},"author":1,"featured_media":0,"comment_status":"closed","ping_status":"open","sticky":false,"template":"","format":"standard","meta":{"_citadela_custom_class":"","footnotes":""},"categories":[39],"tags":[],"class_list":["post-8874","post","type-post","status-publish","format-standard","hentry","category-video-clips"],"_links":{"self":[{"href":"https:\/\/destinationcyber.com\/index.php?rest_route=\/wp\/v2\/posts\/8874","targetHints":{"allow":["GET"]}}],"collection":[{"href":"https:\/\/destinationcyber.com\/index.php?rest_route=\/wp\/v2\/posts"}],"about":[{"href":"https:\/\/destinationcyber.com\/index.php?rest_route=\/wp\/v2\/types\/post"}],"author":[{"embeddable":true,"href":"https:\/\/destinationcyber.com\/index.php?rest_route=\/wp\/v2\/users\/1"}],"replies":[{"embeddable":true,"href":"https:\/\/destinationcyber.com\/index.php?rest_route=%2Fwp%2Fv2%2Fcomments&post=8874"}],"version-history":[{"count":0,"href":"https:\/\/destinationcyber.com\/index.php?rest_route=\/wp\/v2\/posts\/8874\/revisions"}],"wp:attachment":[{"href":"https:\/\/destinationcyber.com\/index.php?rest_route=%2Fwp%2Fv2%2Fmedia&parent=8874"}],"wp:term":[{"taxonomy":"category","embeddable":true,"href":"https:\/\/destinationcyber.com\/index.php?rest_route=%2Fwp%2Fv2%2Fcategories&post=8874"},{"taxonomy":"post_tag","embeddable":true,"href":"https:\/\/destinationcyber.com\/index.php?rest_route=%2Fwp%2Fv2%2Ftags&post=8874"}],"curies":[{"name":"wp","href":"https:\/\/api.w.org\/{rel}","templated":true}]}}