{"id":8867,"date":"2008-08-11T12:18:44","date_gmt":"2008-08-11T10:18:44","guid":{"rendered":"https:\/\/destinationcyber.com\/?p=8867"},"modified":"2008-08-11T12:18:44","modified_gmt":"2008-08-11T10:18:44","slug":"revenu-de-solidarite-active-rsa-le-train-de-vie-pris-en-compte","status":"publish","type":"post","link":"https:\/\/destinationcyber.com\/?p=8867","title":{"rendered":"Revenu de solidarit\u00e9 active (RSA) : le \u00ab train de vie \u00bb pris en compte"},"content":{"rendered":"<p>Le projet de loi g\u00e9n\u00e9ralisant le revenu de solidarit\u00e9 active est actuellement examin\u00e9 par le Conseil d&rsquo;Etat.<\/p>\n<p>Coexistence avec la prime pour l&#8217;emploi, soumission \u00e0 la CRDS, prise en compte du \u00abtrain de vie\u00bb : il d\u00e9taille les modalit\u00e9s d&rsquo;application de la nouvelle prestation.<\/p>\n<p>Le projet de loi g\u00e9n\u00e9ralisant le revenu de solidarit\u00e9 active sera pr\u00e9sent\u00e9 au Conseil des ministres du 3 septembre.<\/p>\n<p>Si le bar\u00e8me (taux de cumul entre cette prestation sociale et le salaire) et le calendrier de la r\u00e9forme seront arbitr\u00e9s d&rsquo;ici \u00e0 la fin du mois, le mode d&#8217;emploi du RSA est d\u00e9taill\u00e9 dans le texte actuellement examin\u00e9 par le Conseil d&rsquo;Etat, que \u00abLes Echos\u00bb se sont procur\u00e9.<\/p>\n<p>Le premier article du projet de loi stipule que \u00able gouvernement d\u00e9finit, par p\u00e9riode de cinq ans, un objectif quantifi\u00e9 de r\u00e9duction de la pauvret\u00e9\u00bb, et transmet chaque ann\u00e9e un rapport sur le sujet au Parlement.<\/p>\n<p>Le RSA permettra de cumuler revenus du travail et de la solidarit\u00e9, afin d&rsquo;\u00e9viter aux individus de choisir entre les revenus d&rsquo;assistance et le risque, en entrant sur le march\u00e9 du travail, de perdre en pouvoir d&rsquo;achat.<\/p>\n<p>Il coexistera avec la prime pour l&#8217;emploi (PPE).<\/p>\n<p>Concr\u00e8tement, il constituera un \u00abacompte ou un \u00e0-valoir\u00bb de PPE, qui est per\u00e7ue avec un an de d\u00e9calage.<\/p>\n<p>Cela implique, au passage, la suppression du syst\u00e8me actuel d&rsquo;acomptes de PPE.<\/p>\n<p>Le RSA ne sera ni imposable ni soumis \u00e0 la CSG mais il sera assujetti \u00e0 la contribution pour le remboursement de la dette sociale (CRDS), \u00e0 l&rsquo;exclusion de la fraction de prestation correspondant au RMI ou \u00e0 l&rsquo;allocation pour parent isol\u00e9 (API) actuels.<\/p>\n<p>Le RSA se substitue notamment au RMI et \u00e0 l&rsquo;API, cette fusion \u00e9tant \u00abr\u00e9alis\u00e9e \u00e0 droits constants\u00bb.<\/p>\n<p>La majoration pour isolement sera donc toujours perceptible jusqu&rsquo;aux trois ans de l&rsquo;enfant.<\/p>\n<p>Il faudra \u00eatre \u00e2g\u00e9 au minimum de vingt-cinq ans pour b\u00e9n\u00e9ficier du RSA (sauf pour les jeunes ayant un enfant \u00e0 charge).<\/p>\n<p>Plus de 4 millions de m\u00e9nages devraient \u00eatre concern\u00e9s.<\/p>\n<p>Le droit sera ouvert \u00e0 compter de la date de d\u00e9p\u00f4t de la demande.<\/p>\n<p>Comme pour les autres prestations sociales, le \u00abtrain de vie\u00bb sera contr\u00f4l\u00e9 : \u00abLorsqu&rsquo;il est constat\u00e9 une disproportion marqu\u00e9e\u00bb avec les ressources d\u00e9clar\u00e9es, une \u00e9valuation forfaitaire des \u00e9l\u00e9ments de train de vie (notamment le patrimoine mobilier et immobilier) sera effectu\u00e9e et prise en compte pour la d\u00e9termination du droit \u00e0 prestation.<\/p>\n<p>Le projet de loi renvoie \u00e0 un d\u00e9cret.<\/p>\n<p>Deux solutions sont en lice : un taux de cumul de 65 % du RSA avec le salaire, qui conduirait \u00e0 un point de sortie entre 1,1 et 1,2 SMIC, et un taux de cumul de 60 % qui aboutirait \u00e0 ce que le b\u00e9n\u00e9fice du RSA s&rsquo;arr\u00eate au niveau du SMIC.<\/p>\n<p>Le RSA ne sera pas pris en compte dans les ressources retenues pour d\u00e9terminer le droit \u00e0 la couverture maladie universelle compl\u00e9mentaire (621 euros mensuels pour une personne seule).<\/p>\n<p>Il n&rsquo;y aura plus d&rsquo;exon\u00e9ration de taxe d&rsquo;habitation et de redevance TV li\u00e9e au statut de b\u00e9n\u00e9ficiaire du RSA, comme c&rsquo;\u00e9tait le cas pour le RMI.<\/p>\n<p>Ainsi, le b\u00e9n\u00e9ficiaire du RSA aura-t-il simplement acc\u00e8s au m\u00e9canisme de droit commun de plafonnement de la taxe d&rsquo;habitation en fonction du revenu.<\/p>\n<p>Certains b\u00e9n\u00e9ficiaires actuels du RMI pourraient donc avoir \u00e0 payer jusqu&rsquo;\u00e0 80 euros par an.<\/p>\n<p>Toutefois, \u00ables personnes dont le revenu fiscal de r\u00e9f\u00e9rence sera nul b\u00e9n\u00e9ficieront d&rsquo;une exon\u00e9ration totale de taxe d&rsquo;habitation\u00bb.<\/p>\n<p>Pour la redevance, l&rsquo;exon\u00e9ration sera maintenue en 2010 et 2011 pour ceux qui avaient le statut de RMIste en 2009.<\/p>\n<p>Ensuite, les personnes, dont le revenu fiscal de r\u00e9f\u00e9rence est nul, seront exon\u00e9r\u00e9es, pas les autres.<\/p>\n<p>L&rsquo;accompagnement sera syst\u00e9matique pour les sans-emplois, et sera le fait d&rsquo;un \u00abr\u00e9f\u00e9rent unique\u00bb.<\/p>\n<p>Il sera assum\u00e9 \u00abde fa\u00e7on prioritaire\u00bb par le service public de l&#8217;emploi (ANPE-Assedic) quand les personnes sont disponibles pour rechercher un emploi (un projet personnalis\u00e9 d&rsquo;acc\u00e8s \u00e0 l&#8217;emploi devra \u00eatre \u00e9labor\u00e9), ou par les services du d\u00e9partement et des organismes d&rsquo;insertion \u00abs&rsquo;il appara\u00eet des difficult\u00e9s tenant notamment compte aux conditions de logement ou \u00e0 l&rsquo;\u00e9tat de sant\u00e9\u00bb.<\/p>\n<p>Fanch<\/p>\n","protected":false},"excerpt":{"rendered":"<p>Le projet de loi g\u00e9n\u00e9ralisant le revenu de solidarit\u00e9 active est actuellement examin\u00e9 par le Conseil d&rsquo;Etat. Coexistence avec la prime pour l&#8217;emploi, soumission \u00e0 la CRDS, prise en compte du \u00abtrain de vie\u00bb : il d\u00e9taille les modalit\u00e9s d&rsquo;application de la nouvelle prestation. Le projet de loi g\u00e9n\u00e9ralisant le revenu de solidarit\u00e9 active sera [&hellip;]<\/p>\n","protected":false},"author":1,"featured_media":0,"comment_status":"closed","ping_status":"open","sticky":false,"template":"","format":"standard","meta":{"_citadela_custom_class":"","footnotes":""},"categories":[17],"tags":[],"class_list":["post-8867","post","type-post","status-publish","format-standard","hentry","category-economia"],"_links":{"self":[{"href":"https:\/\/destinationcyber.com\/index.php?rest_route=\/wp\/v2\/posts\/8867","targetHints":{"allow":["GET"]}}],"collection":[{"href":"https:\/\/destinationcyber.com\/index.php?rest_route=\/wp\/v2\/posts"}],"about":[{"href":"https:\/\/destinationcyber.com\/index.php?rest_route=\/wp\/v2\/types\/post"}],"author":[{"embeddable":true,"href":"https:\/\/destinationcyber.com\/index.php?rest_route=\/wp\/v2\/users\/1"}],"replies":[{"embeddable":true,"href":"https:\/\/destinationcyber.com\/index.php?rest_route=%2Fwp%2Fv2%2Fcomments&post=8867"}],"version-history":[{"count":0,"href":"https:\/\/destinationcyber.com\/index.php?rest_route=\/wp\/v2\/posts\/8867\/revisions"}],"wp:attachment":[{"href":"https:\/\/destinationcyber.com\/index.php?rest_route=%2Fwp%2Fv2%2Fmedia&parent=8867"}],"wp:term":[{"taxonomy":"category","embeddable":true,"href":"https:\/\/destinationcyber.com\/index.php?rest_route=%2Fwp%2Fv2%2Fcategories&post=8867"},{"taxonomy":"post_tag","embeddable":true,"href":"https:\/\/destinationcyber.com\/index.php?rest_route=%2Fwp%2Fv2%2Ftags&post=8867"}],"curies":[{"name":"wp","href":"https:\/\/api.w.org\/{rel}","templated":true}]}}