{"id":8857,"date":"2008-08-08T00:35:03","date_gmt":"2008-08-07T22:35:03","guid":{"rendered":"https:\/\/destinationcyber.com\/?p=8857"},"modified":"2008-08-08T00:35:03","modified_gmt":"2008-08-07T22:35:03","slug":"la-loi-sur-le-temps-de-travail-valide-par-le-conseil-constitutionnel","status":"publish","type":"post","link":"https:\/\/destinationcyber.com\/?p=8857","title":{"rendered":"La loi sur le temps de travail valide par le Conseil constitutionnel"},"content":{"rendered":"<p>Le Conseil constitutionnel a valid\u00e9 l&rsquo;essentiel de la loi sur la d\u00e9mocratie sociale et la r\u00e9forme du temps de travail, selon la d\u00e9cision rendue publique jeudi.<\/p>\n<p>Le ministre du Travail Xavier Bertrand a aussit\u00f4t fait part de sa \u00ab\u00a0satisfaction\u00a0\u00bb.<\/p>\n<p><a href=\"8658\">La loi<\/a> permet de n\u00e9gocier dans les entreprises un accord sur le temps de travail au-del\u00e0 du contingent d&rsquo;heures suppl\u00e9mentaires actuel.<\/p>\n<p>Le texte pr\u00e9voit aussi qu&rsquo;un accord d&rsquo;entreprise puisse \u00eatre adopt\u00e9 s&rsquo;il est sign\u00e9 par des organisations repr\u00e9sentant 30% des personnels et sans contestation des organisations majoritaires.<\/p>\n<p>Les neuf \u00ab\u00a0sages\u00a0\u00bb ont censur\u00e9 partiellement l&rsquo;article 18 de la loi.<\/p>\n<p>Ils ont en particulier jug\u00e9 que le gouvernement ne pr\u00e9cisait pas suffisamment les crit\u00e8res de mise en application du principe d&rsquo;une contrepartie obligatoire en repos des heures suppl\u00e9mentaires accomplies au-del\u00e0 du contingent annuel, ces derniers \u00e9tant enti\u00e8rement renvoy\u00e9s aux accords collectifs ou, \u00e0 d\u00e9faut, au d\u00e9cret.<\/p>\n<p>Le juge constitutionnel a \u00ab\u00a0estim\u00e9 n\u00e9cessaire que la dur\u00e9e du repos compensateur reste fix\u00e9e par la loi \u00e0 50% par heure suppl\u00e9mentaire effectu\u00e9e au-del\u00e0 du contingent dans les entreprises de 20 salari\u00e9s au plus et \u00e0 100% par heure suppl\u00e9mentaire dans les autres entreprises\u00a0\u00bb, a r\u00e9agi Xavier Bertrand dans un communiqu\u00e9.<\/p>\n<p>L&rsquo;article 18 supprimait par ailleurs au 31 d\u00e9cembre 2009 toutes les clauses relatives aux heures suppl\u00e9mentaires des conventions collectives existantes.<\/p>\n<p>\u00ab\u00a0Le juge constitutionnel a estim\u00e9 que le d\u00e9lai d&rsquo;adaptation laiss\u00e9 aux accords de branche jusqu&rsquo;au 31 d\u00e9cembre 2009 pour se mettre en conformit\u00e9 avec la loi n&rsquo;\u00e9tait pas n\u00e9cessaire\u00a0\u00bb, en a d\u00e9duit Xavier Bertrand.<\/p>\n<p>Le Conseil constitutionnel a \u00ab\u00a0valid\u00e9\u00a0\u00bb selon lui \u00ab\u00a0l&rsquo;esprit et le c&#339;ur du texte propos\u00e9 par le gouvernement\u00a0\u00bb.<\/p>\n<p>\u00ab\u00a0Cette loi va donc pouvoir entrer en vigueur d\u00e8s sa promulgation et \u00eatre appliqu\u00e9e par les partenaires sociaux et les entreprises d\u00e8s l&rsquo;automne 2008\u00a0\u00bb, se f\u00e9licite Xavier Bertrand.<\/p>\n<p>Elle \u00ab\u00a0permet de mettre un terme au carcan des 35 heures impos\u00e9es qui a fait tant de mal \u00e0 l&rsquo;\u00e9conomie fran\u00e7aise\u00a0\u00bb.<\/p>\n<p><strong>Le Conseil constitutionnel a par ailleurs valid\u00e9 jeudi la loi mettant en &#339;uvre le service minimum d&rsquo;accueil \u00e0 l&rsquo;\u00e9cole en cas de gr\u00e8ve<\/strong>, une d\u00e9cision aussit\u00f4t salu\u00e9e par le minist\u00e8re de l&rsquo;Education.<\/p>\n<p>Fanch<\/p>\n","protected":false},"excerpt":{"rendered":"<p>Le Conseil constitutionnel a valid\u00e9 l&rsquo;essentiel de la loi sur la d\u00e9mocratie sociale et la r\u00e9forme du temps de travail, selon la d\u00e9cision rendue publique jeudi. Le ministre du Travail Xavier Bertrand a aussit\u00f4t fait part de sa \u00ab\u00a0satisfaction\u00a0\u00bb. La loi permet de n\u00e9gocier dans les entreprises un accord sur le temps de travail au-del\u00e0 [&hellip;]<\/p>\n","protected":false},"author":1,"featured_media":0,"comment_status":"closed","ping_status":"open","sticky":false,"template":"","format":"standard","meta":{"_citadela_custom_class":"","footnotes":""},"categories":[19],"tags":[],"class_list":["post-8857","post","type-post","status-publish","format-standard","hentry","category-e-droit"],"_links":{"self":[{"href":"https:\/\/destinationcyber.com\/index.php?rest_route=\/wp\/v2\/posts\/8857","targetHints":{"allow":["GET"]}}],"collection":[{"href":"https:\/\/destinationcyber.com\/index.php?rest_route=\/wp\/v2\/posts"}],"about":[{"href":"https:\/\/destinationcyber.com\/index.php?rest_route=\/wp\/v2\/types\/post"}],"author":[{"embeddable":true,"href":"https:\/\/destinationcyber.com\/index.php?rest_route=\/wp\/v2\/users\/1"}],"replies":[{"embeddable":true,"href":"https:\/\/destinationcyber.com\/index.php?rest_route=%2Fwp%2Fv2%2Fcomments&post=8857"}],"version-history":[{"count":0,"href":"https:\/\/destinationcyber.com\/index.php?rest_route=\/wp\/v2\/posts\/8857\/revisions"}],"wp:attachment":[{"href":"https:\/\/destinationcyber.com\/index.php?rest_route=%2Fwp%2Fv2%2Fmedia&parent=8857"}],"wp:term":[{"taxonomy":"category","embeddable":true,"href":"https:\/\/destinationcyber.com\/index.php?rest_route=%2Fwp%2Fv2%2Fcategories&post=8857"},{"taxonomy":"post_tag","embeddable":true,"href":"https:\/\/destinationcyber.com\/index.php?rest_route=%2Fwp%2Fv2%2Ftags&post=8857"}],"curies":[{"name":"wp","href":"https:\/\/api.w.org\/{rel}","templated":true}]}}