{"id":8852,"date":"2008-08-06T23:59:51","date_gmt":"2008-08-06T21:59:51","guid":{"rendered":"https:\/\/destinationcyber.com\/?p=8852"},"modified":"2008-08-06T23:59:51","modified_gmt":"2008-08-06T21:59:51","slug":"hausse-de-2-des-tarifs-edf-et-de-5-pour-gdf-suez","status":"publish","type":"post","link":"https:\/\/destinationcyber.com\/?p=8852","title":{"rendered":"Hausse de 2% des tarifs EDF et de 5% pour GDF-Suez"},"content":{"rendered":"<p>Le gouvernement propose une hausse de 2% des tarifs r\u00e9glement\u00e9s d&rsquo;EDF et de 5% de ceux de GDF-Suez \u00e0 la Commission de r\u00e9gulation de l&rsquo;\u00e9nergie, annonce le minist\u00e8re de l&rsquo;Economie et celui de l&rsquo;Ecologie et de l&rsquo;Energie.<\/p>\n<p>La CRE se r\u00e9unira le 11 ao\u00fbt pour examiner ces propositions qui devraient se traduire, le cas \u00e9ch\u00e9ant, par une augmentation d&rsquo;environ cinq euros en moyenne de la facture \u00e9nerg\u00e9tique d&rsquo;un foyer.<\/p>\n<p>\u00ab\u00a0Soucieux de pr\u00e9server le pouvoir d&rsquo;achat des Fran\u00e7ais tout en garantissant un service public de l&rsquo;\u00e9nergie de qualit\u00e9, le gouvernement souhaite que ce r\u00e9ajustement refl\u00e8te strictement l&rsquo;\u00e9volution des co\u00fbts d&rsquo;EDF d&rsquo;une part et de GDF-Suez d&rsquo;autre part\u00a0\u00bb, poursuit le communiqu\u00e9.<\/p>\n<p>Pour le Parti socialiste, cette hausse annonc\u00e9e du prix du gaz est \u00ab\u00a0encore une mauvaise nouvelle pour le pouvoir d&rsquo;achat des Fran\u00e7ais\u00a0\u00bb et la \u00ab\u00a0premi\u00e8re cons\u00e9quence n\u00e9gative\u00a0\u00bb de la fusion entre GDF et Suez.<\/p>\n<p>L&rsquo;augmentation \u00ab\u00a0trouve avant tout son fondement dans la priorit\u00e9 donn\u00e9e \u00e0 la satisfaction des actionnaires du groupe\u00a0\u00bb, accuse le PS dans un communiqu\u00e9.<\/p>\n<p>\u00ab\u00a0Le gouvernement porte l&rsquo;enti\u00e8re responsabilit\u00e9 de l&rsquo;augmentation du prix du gaz et de l&rsquo;\u00e9lectricit\u00e9, et n&rsquo;est r\u00e9ellement contraint d&rsquo;y proc\u00e9der ni du fait de la hausse du co\u00fbt du p\u00e9trole, ni en raison de la sant\u00e9 financi\u00e8re de Gaz de France-Suez et d&rsquo;EDF, qui est excellente\u00a0\u00bb, souligne le texte.<\/p>\n<p>Fanch<\/p>\n","protected":false},"excerpt":{"rendered":"<p>Le gouvernement propose une hausse de 2% des tarifs r\u00e9glement\u00e9s d&rsquo;EDF et de 5% de ceux de GDF-Suez \u00e0 la Commission de r\u00e9gulation de l&rsquo;\u00e9nergie, annonce le minist\u00e8re de l&rsquo;Economie et celui de l&rsquo;Ecologie et de l&rsquo;Energie. La CRE se r\u00e9unira le 11 ao\u00fbt pour examiner ces propositions qui devraient se traduire, le cas \u00e9ch\u00e9ant, [&hellip;]<\/p>\n","protected":false},"author":1,"featured_media":0,"comment_status":"closed","ping_status":"open","sticky":false,"template":"","format":"standard","meta":{"_citadela_custom_class":"","footnotes":""},"categories":[17],"tags":[],"class_list":["post-8852","post","type-post","status-publish","format-standard","hentry","category-economia"],"_links":{"self":[{"href":"https:\/\/destinationcyber.com\/index.php?rest_route=\/wp\/v2\/posts\/8852","targetHints":{"allow":["GET"]}}],"collection":[{"href":"https:\/\/destinationcyber.com\/index.php?rest_route=\/wp\/v2\/posts"}],"about":[{"href":"https:\/\/destinationcyber.com\/index.php?rest_route=\/wp\/v2\/types\/post"}],"author":[{"embeddable":true,"href":"https:\/\/destinationcyber.com\/index.php?rest_route=\/wp\/v2\/users\/1"}],"replies":[{"embeddable":true,"href":"https:\/\/destinationcyber.com\/index.php?rest_route=%2Fwp%2Fv2%2Fcomments&post=8852"}],"version-history":[{"count":0,"href":"https:\/\/destinationcyber.com\/index.php?rest_route=\/wp\/v2\/posts\/8852\/revisions"}],"wp:attachment":[{"href":"https:\/\/destinationcyber.com\/index.php?rest_route=%2Fwp%2Fv2%2Fmedia&parent=8852"}],"wp:term":[{"taxonomy":"category","embeddable":true,"href":"https:\/\/destinationcyber.com\/index.php?rest_route=%2Fwp%2Fv2%2Fcategories&post=8852"},{"taxonomy":"post_tag","embeddable":true,"href":"https:\/\/destinationcyber.com\/index.php?rest_route=%2Fwp%2Fv2%2Ftags&post=8852"}],"curies":[{"name":"wp","href":"https:\/\/api.w.org\/{rel}","templated":true}]}}