{"id":8842,"date":"2008-08-02T23:12:11","date_gmt":"2008-08-02T21:12:11","guid":{"rendered":"https:\/\/destinationcyber.com\/?p=8842"},"modified":"2008-08-02T23:12:11","modified_gmt":"2008-08-02T21:12:11","slug":"becerradas-et-enfants-toreros-le-prefet-darles-interdit-la-manifestation-taurine","status":"publish","type":"post","link":"https:\/\/destinationcyber.com\/?p=8842","title":{"rendered":"\u00ab\u00a0Becerradas\u00a0\u00bb et Enfants toreros : le pr\u00e9fet d&rsquo;Arles interdit la manifestation taurine"},"content":{"rendered":"<p>La pol\u00e9mique autour du jeune apprenti torero franco-mexicain Michelito, 10 ans et demi, a rebondi samedi avec l&rsquo;interdiction, pour la deuxi\u00e8me fois, d&rsquo;une manifestation taurine \u00e0 laquelle il devait participer dans le Sud-Est de la France, \u00e0 Arles.<\/p>\n<p>Vedette en Am\u00e9rique latine o\u00f9 il participe \u00e0 des corridas avec mise \u00e0 mort, Michelito devait se produire aux c\u00f4t\u00e9s d&rsquo;autres \u00e9l\u00e8ves d&rsquo;\u00e9coles taurines, samedi soir \u00e0 Fontvieille, une bourgade proven\u00e7ale, lors d&rsquo;une \u00ab\u00a0becerrada\u00a0\u00bb, une corrida pour d\u00e9butants avec de jeunes veaux, sans mise \u00e0 mort ni banderilles.<\/p>\n<p>L&rsquo;Alliance anti corrida qui d\u00e9nonce \u00ab\u00a0une mise en danger\u00a0\u00bb de l&rsquo;enfant et des violations sur la l\u00e9gislation du travail pour les mineurs avait port\u00e9 plainte, d\u00e9clenchant une enqu\u00eate du parquet de Tarascon.<\/p>\n<p>Vendredi soir, le maire de Fontvieille, Guy Frusti\u00e9, a finalement d\u00e9cid\u00e9 d&rsquo;annuler la manifestation invoquant une demande de la pr\u00e9fecture \u00ab\u00a0pour garantir la s\u00e9curit\u00e9 du mineur\u00a0\u00bb.<\/p>\n<p>Quelques heures plus tard, les organisateurs annon\u00e7aient que le spectacle aurait lieu \u00e0 quelques kilom\u00e8tres de l\u00e0, dans les ar\u00e8nes de l&rsquo;\u00e9cole taurine d&rsquo;Arles (Bouches-du-Rh\u00f4ne).<\/p>\n<p>Mais les autorit\u00e9s ont de nouveau d\u00e9cid\u00e9 d&rsquo;interdire cette manifestation samedi, \u00e0 quelques minutes \u00e0 peine du coup d&rsquo;envoi, suscitant la col\u00e8re de la famille de Michelito, dont le p\u00e8re, Michel Lagrav\u00e8re, est un ancien tor\u00e9ro, mais \u00e9galement du maire d&rsquo;Arles, Herv\u00e9 Schiavetti (PCF), qui a d\u00e9clar\u00e9 son intention de contester cet arr\u00eat\u00e9 d&rsquo;interdiction devant le tribunal administratif.<\/p>\n<p>La pr\u00e9sidente de l&rsquo;Alliance anti corrida, Claire Starozinski, s&rsquo;est au contraire f\u00e9licit\u00e9e \u00ab\u00a0que les autorit\u00e9s appliquent le principe de pr\u00e9caution\u00a0\u00bb.<\/p>\n<p>\u00ab\u00a0Il y a mise en danger d&rsquo;autrui. M\u00eame s&rsquo;il n&rsquo;y a pas de mise \u00e0 mort, il y a un risque impos\u00e9 \u00e0 un enfant de 30 kilos qui se retrouve face \u00e0 une b\u00eate de 200 kilos\u00a0\u00bb, a-t-elle d\u00e9clar\u00e9 par t\u00e9l\u00e9phone.<\/p>\n<p>Le pr\u00e9fet des Bouches-du-Rh\u00f4ne, Michel Sappin, n&rsquo;a cependant pas \u00e9voqu\u00e9 la mise en danger de la vie d&rsquo;autrui pour interdire le spectacle mais la \u00ab\u00a0non conformit\u00e9 des ar\u00e8nes\u00a0\u00bb, soulignant notamment l&rsquo;absence d&rsquo;agr\u00e9ment de la commission de s\u00e9curit\u00e9.<\/p>\n<p>C&rsquo;est comme si on demandait \u00e0 un enfant qui fait du foot de ne pas jouer\u00a0\u00bb, a d\u00e9clar\u00e9 Michelito, pr\u00eat \u00e0 se produire en habit de lumi\u00e8re orange.<\/p>\n<p>\u00ab\u00a0On est d\u00e9sagr\u00e9ablement surpris car on n&rsquo;a pas ce probl\u00e8me dans d&rsquo;autres communes en France\u00a0\u00bb, a d\u00e9plor\u00e9 son p\u00e8re d\u00e9non\u00e7ant la pr\u00e9sence de dizaines de gendarmes.<\/p>\n<p>Il a regrett\u00e9 que l&rsquo;Alliance anti corrida ne vise que son fils \u00ab\u00a0car il est plus m\u00e9diatique que les autres\u00a0\u00bb alors que d&rsquo;autres mineurs se produisent lors de ces \u00ab\u00a0becerradas\u00a0\u00bb.<\/p>\n<p>Fanch<\/p>\n","protected":false},"excerpt":{"rendered":"<p>La pol\u00e9mique autour du jeune apprenti torero franco-mexicain Michelito, 10 ans et demi, a rebondi samedi avec l&rsquo;interdiction, pour la deuxi\u00e8me fois, d&rsquo;une manifestation taurine \u00e0 laquelle il devait participer dans le Sud-Est de la France, \u00e0 Arles. Vedette en Am\u00e9rique latine o\u00f9 il participe \u00e0 des corridas avec mise \u00e0 mort, Michelito devait se [&hellip;]<\/p>\n","protected":false},"author":1,"featured_media":0,"comment_status":"closed","ping_status":"open","sticky":false,"template":"","format":"standard","meta":{"_citadela_custom_class":"","footnotes":""},"categories":[16],"tags":[],"class_list":["post-8842","post","type-post","status-publish","format-standard","hentry","category-bricabrac"],"_links":{"self":[{"href":"https:\/\/destinationcyber.com\/index.php?rest_route=\/wp\/v2\/posts\/8842","targetHints":{"allow":["GET"]}}],"collection":[{"href":"https:\/\/destinationcyber.com\/index.php?rest_route=\/wp\/v2\/posts"}],"about":[{"href":"https:\/\/destinationcyber.com\/index.php?rest_route=\/wp\/v2\/types\/post"}],"author":[{"embeddable":true,"href":"https:\/\/destinationcyber.com\/index.php?rest_route=\/wp\/v2\/users\/1"}],"replies":[{"embeddable":true,"href":"https:\/\/destinationcyber.com\/index.php?rest_route=%2Fwp%2Fv2%2Fcomments&post=8842"}],"version-history":[{"count":0,"href":"https:\/\/destinationcyber.com\/index.php?rest_route=\/wp\/v2\/posts\/8842\/revisions"}],"wp:attachment":[{"href":"https:\/\/destinationcyber.com\/index.php?rest_route=%2Fwp%2Fv2%2Fmedia&parent=8842"}],"wp:term":[{"taxonomy":"category","embeddable":true,"href":"https:\/\/destinationcyber.com\/index.php?rest_route=%2Fwp%2Fv2%2Fcategories&post=8842"},{"taxonomy":"post_tag","embeddable":true,"href":"https:\/\/destinationcyber.com\/index.php?rest_route=%2Fwp%2Fv2%2Ftags&post=8842"}],"curies":[{"name":"wp","href":"https:\/\/api.w.org\/{rel}","templated":true}]}}