{"id":8824,"date":"2008-07-29T16:01:13","date_gmt":"2008-07-29T14:01:13","guid":{"rendered":"https:\/\/destinationcyber.com\/?p=8824"},"modified":"2008-07-29T16:01:13","modified_gmt":"2008-07-29T14:01:13","slug":"le-procureur-doutreau-sanctionne","status":"publish","type":"post","link":"https:\/\/destinationcyber.com\/?p=8824","title":{"rendered":"Le procureur d&rsquo;Outreau sanctionn\u00e9"},"content":{"rendered":"<p>Le procureur G\u00e9rald Lesigne va quitter ses fonctions au tribunal de Boulogne-sur-Mer et \u00e0 la cour d&rsquo;appel de Douai dans les prochains mois \u00ab\u00a0en raison des traumatismes de l&rsquo;affaire d&rsquo;Outreau\u00a0\u00bb, annonce le minist\u00e8re de la Justice.<\/p>\n<p>Le Conseil sup\u00e9rieur de la magistrature (CSM) avait recommand\u00e9 \u00e0 la ministre de la Justice de ne pas sanctionner le magistrat, qui avait supervis\u00e9 l&rsquo;instruction du juge Fabrice Burgaud dans l&rsquo;enqu\u00eate sur un pr\u00e9sum\u00e9 r\u00e9seau p\u00e9dophile dans le nord de la France.<\/p>\n<p>\u00ab\u00a0Le maintien de M. Lesigne dans ses fonctions de procureur \u00e0 Boulogne-sur-Mer n&rsquo;est pas une r\u00e9ponse \u00e0 la hauteur (des) traumatismes\u00a0\u00bb caus\u00e9s par l&rsquo;affaire d&rsquo;Outreau chez \u00ab\u00a0les personnes acquitt\u00e9es, les Fran\u00e7ais et l&rsquo;ensemble de l&rsquo;institution judiciaire\u00a0\u00bb, souligne le minist\u00e8re dans un communiqu\u00e9.<\/p>\n<p>La ministre de la Justice, Rachida Dati, qui a rencontr\u00e9 le procureur la semaine derni\u00e8re, \u00ab\u00a0a souhait\u00e9 qu&rsquo;il quitte la juridiction de Boulogne-sur-Mer et la cour d&rsquo;appel de Douai\u00a0\u00bb, poursuit le texte.<\/p>\n<p>Un 13e suspect mis en cause \u00e0 tort est mort en prison.<\/p>\n<p>Cette affaire est devenue embl\u00e9matique des dysfonctionnements du syst\u00e8me judiciaire.<\/p>\n<p>Une commission d&rsquo;enqu\u00eate a propos\u00e9 une grande r\u00e9forme judiciaire, ce qui n&rsquo;a \u00e9t\u00e9 que tr\u00e8s partiellement suivi.<\/p>\n<p>Lors de l&rsquo;audience du CSM le 19 mai, le repr\u00e9sentant du minist\u00e8re de la Justice avait demand\u00e9 que G\u00e9rald Lesigne soit d\u00e9mis de ses fonctions et d\u00e9plac\u00e9 d&rsquo;office dans une autre juridiction.<\/p>\n<p>Fanch<\/p>\n","protected":false},"excerpt":{"rendered":"<p>Le procureur G\u00e9rald Lesigne va quitter ses fonctions au tribunal de Boulogne-sur-Mer et \u00e0 la cour d&rsquo;appel de Douai dans les prochains mois \u00ab\u00a0en raison des traumatismes de l&rsquo;affaire d&rsquo;Outreau\u00a0\u00bb, annonce le minist\u00e8re de la Justice. Le Conseil sup\u00e9rieur de la magistrature (CSM) avait recommand\u00e9 \u00e0 la ministre de la Justice de ne pas sanctionner [&hellip;]<\/p>\n","protected":false},"author":1,"featured_media":0,"comment_status":"closed","ping_status":"open","sticky":false,"template":"","format":"standard","meta":{"_citadela_custom_class":"","footnotes":""},"categories":[19],"tags":[],"class_list":["post-8824","post","type-post","status-publish","format-standard","hentry","category-e-droit"],"_links":{"self":[{"href":"https:\/\/destinationcyber.com\/index.php?rest_route=\/wp\/v2\/posts\/8824","targetHints":{"allow":["GET"]}}],"collection":[{"href":"https:\/\/destinationcyber.com\/index.php?rest_route=\/wp\/v2\/posts"}],"about":[{"href":"https:\/\/destinationcyber.com\/index.php?rest_route=\/wp\/v2\/types\/post"}],"author":[{"embeddable":true,"href":"https:\/\/destinationcyber.com\/index.php?rest_route=\/wp\/v2\/users\/1"}],"replies":[{"embeddable":true,"href":"https:\/\/destinationcyber.com\/index.php?rest_route=%2Fwp%2Fv2%2Fcomments&post=8824"}],"version-history":[{"count":0,"href":"https:\/\/destinationcyber.com\/index.php?rest_route=\/wp\/v2\/posts\/8824\/revisions"}],"wp:attachment":[{"href":"https:\/\/destinationcyber.com\/index.php?rest_route=%2Fwp%2Fv2%2Fmedia&parent=8824"}],"wp:term":[{"taxonomy":"category","embeddable":true,"href":"https:\/\/destinationcyber.com\/index.php?rest_route=%2Fwp%2Fv2%2Fcategories&post=8824"},{"taxonomy":"post_tag","embeddable":true,"href":"https:\/\/destinationcyber.com\/index.php?rest_route=%2Fwp%2Fv2%2Ftags&post=8824"}],"curies":[{"name":"wp","href":"https:\/\/api.w.org\/{rel}","templated":true}]}}