{"id":8797,"date":"2008-07-24T02:02:08","date_gmt":"2008-07-24T00:02:08","guid":{"rendered":"https:\/\/destinationcyber.com\/?p=8797"},"modified":"2008-07-24T02:02:08","modified_gmt":"2008-07-24T00:02:08","slug":"le-parlement-a-definitivement-adopte-mercredi-soir-le-projet-de-loi-sur-les-droits-et-devoirs-des-demandeurs-demploi","status":"publish","type":"post","link":"https:\/\/destinationcyber.com\/?p=8797","title":{"rendered":"Le Parlement a d\u00e9finitivement adopt\u00e9 mercredi soir le projet de loi sur les \u00ab\u00a0droits et devoirs des demandeurs d&#8217;emploi\u00a0\u00bb"},"content":{"rendered":"<p>Le Parlement a d\u00e9finitivement adopt\u00e9 mercredi soir, par un ultime vote de l&rsquo;Assembl\u00e9e nationale, le projet de loi sur les \u00ab\u00a0droits et devoirs des demandeurs d&#8217;emploi\u00a0\u00bb, pr\u00e9voyant la radiation d&rsquo;un ch\u00f4meur qui refuserait deux \u00ab\u00a0offres raisonnables d&#8217;emploi\u00a0\u00bb.<\/p>\n<p>\u00ab\u00a0La philosophie \u00e9tait de mieux accompagner (les demandeurs d&#8217;emploi) avec du sur-mesure et, d&rsquo;autre part, de mieux contr\u00f4ler les abus\u00a0\u00bb, a r\u00e9sum\u00e9 le secr\u00e9taire d&rsquo;Etat \u00e0 l&rsquo;Emploi, Laurent Wauquiez pendant les d\u00e9bats.<\/p>\n<p>Le d\u00e9put\u00e9 PS Michel Issindou avait quant \u00e0 lui d\u00e9nonc\u00e9 un \u00ab\u00a0texte humiliant pour les demandeurs d&#8217;emplois\u00a0\u00bb et le PCF Maxime Gremetz avait parl\u00e9 d&rsquo;une \u00ab\u00a0r\u00e9gression du code du travail\u00a0\u00bb.<\/p>\n<p>Le texte modifie le code du travail en durcissant les obligations des ch\u00f4meurs, par paliers, au fil des mois, sous peine de sanction.<\/p>\n<p>Un ch\u00f4meur sera radi\u00e9 des listes du service public de l&#8217;emploi et son allocation suspendue s&rsquo;il refuse deux \u00ab\u00a0offres raisonnables\u00a0\u00bb.<\/p>\n<p>D\u00e8s le 4e mois de ch\u00f4mage, les demandeurs d&#8217;emploi devront accepter un emploi r\u00e9mun\u00e9r\u00e9 \u00e0 au moins 95% de leur salaire ant\u00e9rieur, 85% au bout de six mois, et du montant de l&rsquo;allocation qu&rsquo;ils per\u00e7oivent au bout d&rsquo;un an.<\/p>\n<p>M. Wauquiez, qui d\u00e9fendait son premier texte \u00e0 l&rsquo;Assembl\u00e9e, avait d\u00e9nonc\u00e9 \u00ab\u00a0l&rsquo;obstruction id\u00e9ologique de la gauche\u00a0\u00bb avec plus de 1.500 amendements d\u00e9pos\u00e9s pour seulement trois articles.<\/p>\n<p>Par ailleurs, ce texte ent\u00e9rine la suppression progressive d&rsquo;ici \u00e0 2012 de la dispense de recherche d&#8217;emploi (DRE) dont pouvaient b\u00e9n\u00e9ficier les ch\u00f4meurs \u00e2g\u00e9s de plus de 57,5 ans.<\/p>\n<p>En outre, un \u00ab\u00a0m\u00e9diateur du service public de l&#8217;emploi\u00a0\u00bb est cr\u00e9\u00e9 \u00e0 la demande du gouvernement.<\/p>\n<p>Enfin, le texte met en place le PPAE \u00e9labor\u00e9 conjointement par le demandeur d&#8217;emploi et le nouvel op\u00e9rateur qui sera issu de la fusion ANPE-Assedic, effective au 1er janvier 2009.<\/p>\n<p>Fanch<\/p>\n","protected":false},"excerpt":{"rendered":"<p>Le Parlement a d\u00e9finitivement adopt\u00e9 mercredi soir, par un ultime vote de l&rsquo;Assembl\u00e9e nationale, le projet de loi sur les \u00ab\u00a0droits et devoirs des demandeurs d&#8217;emploi\u00a0\u00bb, pr\u00e9voyant la radiation d&rsquo;un ch\u00f4meur qui refuserait deux \u00ab\u00a0offres raisonnables d&#8217;emploi\u00a0\u00bb. \u00ab\u00a0La philosophie \u00e9tait de mieux accompagner (les demandeurs d&#8217;emploi) avec du sur-mesure et, d&rsquo;autre part, de mieux contr\u00f4ler [&hellip;]<\/p>\n","protected":false},"author":1,"featured_media":0,"comment_status":"closed","ping_status":"open","sticky":false,"template":"","format":"standard","meta":{"_citadela_custom_class":"","footnotes":""},"categories":[19],"tags":[],"class_list":["post-8797","post","type-post","status-publish","format-standard","hentry","category-e-droit"],"_links":{"self":[{"href":"https:\/\/destinationcyber.com\/index.php?rest_route=\/wp\/v2\/posts\/8797","targetHints":{"allow":["GET"]}}],"collection":[{"href":"https:\/\/destinationcyber.com\/index.php?rest_route=\/wp\/v2\/posts"}],"about":[{"href":"https:\/\/destinationcyber.com\/index.php?rest_route=\/wp\/v2\/types\/post"}],"author":[{"embeddable":true,"href":"https:\/\/destinationcyber.com\/index.php?rest_route=\/wp\/v2\/users\/1"}],"replies":[{"embeddable":true,"href":"https:\/\/destinationcyber.com\/index.php?rest_route=%2Fwp%2Fv2%2Fcomments&post=8797"}],"version-history":[{"count":0,"href":"https:\/\/destinationcyber.com\/index.php?rest_route=\/wp\/v2\/posts\/8797\/revisions"}],"wp:attachment":[{"href":"https:\/\/destinationcyber.com\/index.php?rest_route=%2Fwp%2Fv2%2Fmedia&parent=8797"}],"wp:term":[{"taxonomy":"category","embeddable":true,"href":"https:\/\/destinationcyber.com\/index.php?rest_route=%2Fwp%2Fv2%2Fcategories&post=8797"},{"taxonomy":"post_tag","embeddable":true,"href":"https:\/\/destinationcyber.com\/index.php?rest_route=%2Fwp%2Fv2%2Ftags&post=8797"}],"curies":[{"name":"wp","href":"https:\/\/api.w.org\/{rel}","templated":true}]}}