{"id":8796,"date":"2008-07-24T01:55:43","date_gmt":"2008-07-23T23:55:43","guid":{"rendered":"https:\/\/destinationcyber.com\/?p=8796"},"modified":"2008-07-24T01:55:43","modified_gmt":"2008-07-23T23:55:43","slug":"adoption-du-texte-modifiant-les-35-heures-le-parlement","status":"publish","type":"post","link":"https:\/\/destinationcyber.com\/?p=8796","title":{"rendered":"Adoption du texte modifiant les 35 heures le Parlement"},"content":{"rendered":"<p>Le Parlement fran\u00e7ais a adopt\u00e9 d\u00e9finitivement mercredi soir le projet de loi \u00ab\u00a0portant r\u00e9novation de la d\u00e9mocratie sociale et r\u00e9forme du temps de travail\u00a0\u00bb.<\/p>\n<p>Ce texte d&rsquo;une vingtaine d&rsquo;articles, qui reprend en partie la \u00ab\u00a0position commune\u00a0\u00bb sign\u00e9e le 10 avril entre la CGT, la CFDT, le MEDEF et la CGPME, comporte deux titres : l&rsquo;un est relatif \u00e0 la repr\u00e9sentativit\u00e9 syndicale, et l&rsquo;autre, tr\u00e8s controvers\u00e9, \u00e0 la dur\u00e9e du temps de travail.<\/p>\n<p>Le texte porte de 218 \u00e0 235 jours le seuil maximal de travail pour les salari\u00e9s au forfait, principalement des cadres, sauf accord contraire conclu dans une entreprise ou une branche.<\/p>\n<p>Apr\u00e8s les s\u00e9nateurs, les d\u00e9put\u00e9s ont ent\u00e9rin\u00e9 mercredi soir le texte mis au point par une commission mixte paritaire (CMP) Assembl\u00e9e-S\u00e9nat.<\/p>\n<p>Le texte est donc d\u00e9finitivement adopt\u00e9 par le Parlement.<\/p>\n<p>Les groupes UMP et Nouveau centre (NC) ont vot\u00e9 pour ce projet de loi pr\u00e9sent\u00e9 par Xavier Bertrand, le ministre du Travail.<\/p>\n<p>\u00ab\u00a0Ce texte est une r\u00e9gression sociale majeure\u00a0\u00bb, a affirm\u00e9 la d\u00e9put\u00e9e Martine Billard (Verts).<\/p>\n<p>Si la premi\u00e8re partie du texte ne fait gu\u00e8re probl\u00e8me, la seconde est vivement contest\u00e9e par l&rsquo;opposition, la CGT et la CFDT, qui accusent le gouvernement d&rsquo;\u00eatre revenu sur plusieurs dispositions relatives \u00e0 la dur\u00e9e du temps de travail.<\/p>\n<p>Les syndicats reprochent \u00e0 cette r\u00e9forme de porter \u00ab\u00a0de graves atteintes \u00e0 l&rsquo;\u00e9quilibre entre vie priv\u00e9e et vie professionnelle\u00a0\u00bb.<\/p>\n<p>En ce qui concerne la premi\u00e8re partie du texte, il supprime la \u00ab\u00a0pr\u00e9somption irr\u00e9fragable de repr\u00e9sentativit\u00e9\u00a0\u00bb qui faisait que la CGT, la CFDT, FO, la CFTC et la CGC \u00e9taient consid\u00e9r\u00e9es comme repr\u00e9sentatives dans toutes les branches et les entreprises.<\/p>\n<p>Pour \u00eatre repr\u00e9sentatif, un syndicat devra avoir obtenu au moins 10% des voix dans les entreprises, le seuil \u00e9tant fix\u00e9 \u00e0 8% dans les branches et au niveau professionnel.<\/p>\n<p>Le texte modifie \u00e9galement les r\u00e8gles concernant les accords majoritaires.<\/p>\n<p>D\u00e9sormais, un accord d&rsquo;entreprise devra recueillir les signatures d&rsquo;un ou plusieurs syndicats repr\u00e9sentant en tout au moins 30% des salari\u00e9s.<\/p>\n<p>L&rsquo;accord devra \u00eatre sign\u00e9 par des syndicats ayant recueilli au moins 30% des suffrages et \u00eatre ent\u00e9rin\u00e9 par les syndicats ayant obtenu une majorit\u00e9 de voix.<\/p>\n<p>Fanch<\/p>\n","protected":false},"excerpt":{"rendered":"<p>Le Parlement fran\u00e7ais a adopt\u00e9 d\u00e9finitivement mercredi soir le projet de loi \u00ab\u00a0portant r\u00e9novation de la d\u00e9mocratie sociale et r\u00e9forme du temps de travail\u00a0\u00bb. Ce texte d&rsquo;une vingtaine d&rsquo;articles, qui reprend en partie la \u00ab\u00a0position commune\u00a0\u00bb sign\u00e9e le 10 avril entre la CGT, la CFDT, le MEDEF et la CGPME, comporte deux titres : l&rsquo;un [&hellip;]<\/p>\n","protected":false},"author":1,"featured_media":0,"comment_status":"closed","ping_status":"open","sticky":false,"template":"","format":"standard","meta":{"_citadela_custom_class":"","footnotes":""},"categories":[19],"tags":[],"class_list":["post-8796","post","type-post","status-publish","format-standard","hentry","category-e-droit"],"_links":{"self":[{"href":"https:\/\/destinationcyber.com\/index.php?rest_route=\/wp\/v2\/posts\/8796","targetHints":{"allow":["GET"]}}],"collection":[{"href":"https:\/\/destinationcyber.com\/index.php?rest_route=\/wp\/v2\/posts"}],"about":[{"href":"https:\/\/destinationcyber.com\/index.php?rest_route=\/wp\/v2\/types\/post"}],"author":[{"embeddable":true,"href":"https:\/\/destinationcyber.com\/index.php?rest_route=\/wp\/v2\/users\/1"}],"replies":[{"embeddable":true,"href":"https:\/\/destinationcyber.com\/index.php?rest_route=%2Fwp%2Fv2%2Fcomments&post=8796"}],"version-history":[{"count":0,"href":"https:\/\/destinationcyber.com\/index.php?rest_route=\/wp\/v2\/posts\/8796\/revisions"}],"wp:attachment":[{"href":"https:\/\/destinationcyber.com\/index.php?rest_route=%2Fwp%2Fv2%2Fmedia&parent=8796"}],"wp:term":[{"taxonomy":"category","embeddable":true,"href":"https:\/\/destinationcyber.com\/index.php?rest_route=%2Fwp%2Fv2%2Fcategories&post=8796"},{"taxonomy":"post_tag","embeddable":true,"href":"https:\/\/destinationcyber.com\/index.php?rest_route=%2Fwp%2Fv2%2Ftags&post=8796"}],"curies":[{"name":"wp","href":"https:\/\/api.w.org\/{rel}","templated":true}]}}