{"id":8778,"date":"2008-07-17T16:45:24","date_gmt":"2008-07-17T14:45:24","guid":{"rendered":"https:\/\/destinationcyber.com\/?p=8778"},"modified":"2008-07-17T16:45:24","modified_gmt":"2008-07-17T14:45:24","slug":"la-france-na-pas-les-moyens-de-financer-la-tva-reduite-sur-la-restauration","status":"publish","type":"post","link":"https:\/\/destinationcyber.com\/?p=8778","title":{"rendered":"La France n&rsquo;a pas les moyens de financer la TVA r\u00e9duite sur la restauration"},"content":{"rendered":"<p>La baisse de la TVA dans la restauration est loin d&rsquo;\u00eatre acquise, estime la ministre de l&rsquo;Economie Christine Lagarde.<\/p>\n<p>Le gouvernement s&rsquo;\u00e9tait r\u00e9joui il y a 10 jours du soutien apport\u00e9 \u00e0 la Commission europ\u00e9enne \u00e0 cette mesure r\u00e9clam\u00e9e de longue date par Paris, qui souhaite ramener la TVA de 19,6% \u00e0 5,5% dans un secteur fortement demandeur de main d&rsquo;&#339;uvre.<\/p>\n<p>Mais Jean Arthuis, le pr\u00e9sident centriste de la commission des finances du S\u00e9nat, avait jet\u00e9 un froid en affirmant que la France n&rsquo;avait pas les moyens de financer la mesure dont il a chiffr\u00e9 le co\u00fbt \u00e0 quelque trois milliards d&rsquo;euros.<\/p>\n<p>\u00ab\u00a0On n&rsquo;a pas encore la TVA \u00e0 taux r\u00e9duit sur la restauration\u00a0\u00bb, a reconnu Christine Lagarde, invit\u00e9e de LCI.<\/p>\n<p>La Commission europ\u00e9enne a propos\u00e9 le 7 juillet de laisser les Etats membres libres d&rsquo;appliquer des taux de TVA inf\u00e9rieurs au taux normal de 15% \u00e0 tous les services consomm\u00e9s localement.<\/p>\n<p>Cette proposition doit \u00eatre accept\u00e9e \u00e0 l&rsquo;unanimit\u00e9 par les ministres des Finances de l&rsquo;UE, or l&rsquo;Allemagne, le Danemark et quelques autres pays ont \u00e0 plusieurs reprises exprim\u00e9 leur d\u00e9saccord.<\/p>\n<p>Fanch<\/p>\n","protected":false},"excerpt":{"rendered":"<p>La baisse de la TVA dans la restauration est loin d&rsquo;\u00eatre acquise, estime la ministre de l&rsquo;Economie Christine Lagarde. Le gouvernement s&rsquo;\u00e9tait r\u00e9joui il y a 10 jours du soutien apport\u00e9 \u00e0 la Commission europ\u00e9enne \u00e0 cette mesure r\u00e9clam\u00e9e de longue date par Paris, qui souhaite ramener la TVA de 19,6% \u00e0 5,5% dans un [&hellip;]<\/p>\n","protected":false},"author":1,"featured_media":0,"comment_status":"closed","ping_status":"open","sticky":false,"template":"","format":"standard","meta":{"_citadela_custom_class":"","footnotes":""},"categories":[17],"tags":[],"class_list":["post-8778","post","type-post","status-publish","format-standard","hentry","category-economia"],"_links":{"self":[{"href":"https:\/\/destinationcyber.com\/index.php?rest_route=\/wp\/v2\/posts\/8778","targetHints":{"allow":["GET"]}}],"collection":[{"href":"https:\/\/destinationcyber.com\/index.php?rest_route=\/wp\/v2\/posts"}],"about":[{"href":"https:\/\/destinationcyber.com\/index.php?rest_route=\/wp\/v2\/types\/post"}],"author":[{"embeddable":true,"href":"https:\/\/destinationcyber.com\/index.php?rest_route=\/wp\/v2\/users\/1"}],"replies":[{"embeddable":true,"href":"https:\/\/destinationcyber.com\/index.php?rest_route=%2Fwp%2Fv2%2Fcomments&post=8778"}],"version-history":[{"count":0,"href":"https:\/\/destinationcyber.com\/index.php?rest_route=\/wp\/v2\/posts\/8778\/revisions"}],"wp:attachment":[{"href":"https:\/\/destinationcyber.com\/index.php?rest_route=%2Fwp%2Fv2%2Fmedia&parent=8778"}],"wp:term":[{"taxonomy":"category","embeddable":true,"href":"https:\/\/destinationcyber.com\/index.php?rest_route=%2Fwp%2Fv2%2Fcategories&post=8778"},{"taxonomy":"post_tag","embeddable":true,"href":"https:\/\/destinationcyber.com\/index.php?rest_route=%2Fwp%2Fv2%2Ftags&post=8778"}],"curies":[{"name":"wp","href":"https:\/\/api.w.org\/{rel}","templated":true}]}}