{"id":8776,"date":"2008-07-16T00:23:22","date_gmt":"2008-07-15T22:23:22","guid":{"rendered":"https:\/\/destinationcyber.com\/?p=8776"},"modified":"2008-07-16T00:23:22","modified_gmt":"2008-07-15T22:23:22","slug":"abandonne-plusieurs-heures-dans-une-voiture-un-enfant-de-2-ans-et-demi-decede","status":"publish","type":"post","link":"https:\/\/destinationcyber.com\/?p=8776","title":{"rendered":"Abandonn\u00e9 plusieurs heures dans une voiture, un enfant de 2 ans et demi d\u00e9c\u00e8de"},"content":{"rendered":"<p>Un enfant de 2 ans et demi est d\u00e9c\u00e9d\u00e9 mardi soir \u00e0 Pont-de-Ch\u00e9ruy (Is\u00e8re) apr\u00e8s avoir \u00e9t\u00e9 abandonn\u00e9 plusieurs heures par son p\u00e8re dans une voiture gar\u00e9e dans le centre ville.<\/p>\n<p>Un passant, constatant la pr\u00e9sence du gar\u00e7onnet inanim\u00e9 dans une voiture gar\u00e9e sur une place en plein centre ville, a pr\u00e9venu les gendarmes qui ont alert\u00e9 les pompiers vers 17 heures, rapporte le Dauphin\u00e9 Lib\u00e9r\u00e9 qui r\u00e9v\u00e8le les faits.<\/p>\n<p>\u00abLe p\u00e8re, en \u00e9tat de choc, a indiqu\u00e9 avoir \u00ab\u00a0oubli\u00e9\u00a0\u00bb son fils dans la voiture, qui est rest\u00e9e un certain nombre d&rsquo;heures au soleil\u00bb, a expliqu\u00e9 le procureur de Vienne, Franck Rastoul.<\/p>\n<p>\u00abL&rsquo;enqu\u00eate devra d\u00e9terminer dans quelles circonstances il a pu oublier la pr\u00e9sence de son enfant\u00bb, a indiqu\u00e9 Franck Rastoul.<\/p>\n<p>D&rsquo;apr\u00e8s les premiers \u00e9l\u00e9ments de l&rsquo;enqu\u00eate, le gar\u00e7onnet est leur fils unique, a pr\u00e9cis\u00e9 le procureur.<\/p>\n<p>Une autopsie devra confirmer dans les prochains jours les causes de la mort de l&rsquo;enfant et des recherches seront men\u00e9es afin d&rsquo;\u00e9tablir combien de temps il a \u00e9t\u00e9 laiss\u00e9 seul dans la voiture.<\/p>\n<p>Il faisait environ 25\u00b0 dans le nord de l&rsquo;Is\u00e8re mardi apr\u00e8s-midi selon M\u00e9t\u00e9o France.<\/p>\n<p>Fanch<\/p>\n","protected":false},"excerpt":{"rendered":"<p>Un enfant de 2 ans et demi est d\u00e9c\u00e9d\u00e9 mardi soir \u00e0 Pont-de-Ch\u00e9ruy (Is\u00e8re) apr\u00e8s avoir \u00e9t\u00e9 abandonn\u00e9 plusieurs heures par son p\u00e8re dans une voiture gar\u00e9e dans le centre ville. Un passant, constatant la pr\u00e9sence du gar\u00e7onnet inanim\u00e9 dans une voiture gar\u00e9e sur une place en plein centre ville, a pr\u00e9venu les gendarmes qui [&hellip;]<\/p>\n","protected":false},"author":1,"featured_media":0,"comment_status":"closed","ping_status":"open","sticky":false,"template":"","format":"standard","meta":{"_citadela_custom_class":"","footnotes":""},"categories":[15],"tags":[],"class_list":["post-8776","post","type-post","status-publish","format-standard","hentry","category-securite"],"_links":{"self":[{"href":"https:\/\/destinationcyber.com\/index.php?rest_route=\/wp\/v2\/posts\/8776","targetHints":{"allow":["GET"]}}],"collection":[{"href":"https:\/\/destinationcyber.com\/index.php?rest_route=\/wp\/v2\/posts"}],"about":[{"href":"https:\/\/destinationcyber.com\/index.php?rest_route=\/wp\/v2\/types\/post"}],"author":[{"embeddable":true,"href":"https:\/\/destinationcyber.com\/index.php?rest_route=\/wp\/v2\/users\/1"}],"replies":[{"embeddable":true,"href":"https:\/\/destinationcyber.com\/index.php?rest_route=%2Fwp%2Fv2%2Fcomments&post=8776"}],"version-history":[{"count":0,"href":"https:\/\/destinationcyber.com\/index.php?rest_route=\/wp\/v2\/posts\/8776\/revisions"}],"wp:attachment":[{"href":"https:\/\/destinationcyber.com\/index.php?rest_route=%2Fwp%2Fv2%2Fmedia&parent=8776"}],"wp:term":[{"taxonomy":"category","embeddable":true,"href":"https:\/\/destinationcyber.com\/index.php?rest_route=%2Fwp%2Fv2%2Fcategories&post=8776"},{"taxonomy":"post_tag","embeddable":true,"href":"https:\/\/destinationcyber.com\/index.php?rest_route=%2Fwp%2Fv2%2Ftags&post=8776"}],"curies":[{"name":"wp","href":"https:\/\/api.w.org\/{rel}","templated":true}]}}