{"id":8744,"date":"2008-07-01T23:26:43","date_gmt":"2008-07-01T21:26:43","guid":{"rendered":"https:\/\/destinationcyber.com\/?p=8744"},"modified":"2008-07-01T23:26:43","modified_gmt":"2008-07-01T21:26:43","slug":"les-accords-olivennes-prevoyaient-aussi-le-developpement-de-loffre-legale","status":"publish","type":"post","link":"https:\/\/destinationcyber.com\/?p=8744","title":{"rendered":"Les accords Olivennes pr\u00e9voyaient aussi le d\u00e9veloppement de l&rsquo;offre l\u00e9gale !"},"content":{"rendered":"<p>Les accords Olivennes, et c&rsquo;est la raison pour laquelle les FAI les ont sign\u00e9s, pr\u00e9voyaient aussi le d\u00e9veloppement de l&rsquo;offre l\u00e9gale.<\/p>\n<p>Les accords Olivennes, qui ont inspir\u00e9 cette loi, pr\u00e9voient l&rsquo;interop\u00e9rabilit\u00e9 des DRM sur les fichiers musicaux de catalogues fran\u00e7ais (lecture sur des baladeurs de marques diff\u00e9rentes quel que soit leur syst\u00e8me de DRM), et, du c\u00f4t\u00e9 de la vid\u00e9o \u00e0 la demande, l&rsquo;alignement de la \u00abchronologie des m\u00e9dias\u00bb sur ce qui se pratique pour le DVD.<\/p>\n<p>Un film serait ainsi disponible sur Internet six mois apr\u00e8s sa sortie en salles.<\/p>\n<p>Or, ces mesures phares doivent \u00eatre mises en &#339;uvre au plus tard un an apr\u00e8s l&rsquo;entr\u00e9e en vigueur de la loi.<\/p>\n<p>Sachant que la loi ne sera pas examin\u00e9e par les parlementaires avant l&rsquo;automne prochain, qu&rsquo;il y aura deux lectures pour chaque assembl\u00e9e, certainement un passage en commission mixte paritaire et pourquoi pas devant le Conseil constitutionnel, l&rsquo;entr\u00e9e en application du texte est \u00e0 un horizon bien flou.<\/p>\n<p>En fait, les FAI ne sont pas les seuls \u00e0 s&rsquo;impatienter.<\/p>\n<p>Le syndicat en appelle donc aux autorit\u00e9s pour revoir le dispositif, puisqu&rsquo;il s&rsquo;agit de changer la r\u00e8glementation.<\/p>\n<p>Les FAI sont \u00e9galement tr\u00e8s demandeurs de formules d&rsquo;abonnement pour la VOD en ligne, encore peu d\u00e9velopp\u00e9es.<\/p>\n<p>Le SEVN n&rsquo;y est pas non plus oppos\u00e9 puisque selon lui, ce mod\u00e8le se rapproche de celui de Canal plus.<\/p>\n<p>Mais l\u00e0 encore, des discussions sont n\u00e9cessaires, notamment parce que ce sujet est imbriqu\u00e9 \u00e0 celui de la chronologie des m\u00e9dias.<\/p>\n<p>La situation est d&rsquo;autant plus fig\u00e9e actuellement que l&rsquo;accord sign\u00e9 entre FAI et \u00e9diteurs de vid\u00e9os est arriv\u00e9 \u00e0 \u00e9ch\u00e9ance fin 2006 et n&rsquo;a jamais \u00e9t\u00e9 renouvel\u00e9.<\/p>\n<p>M\u00eame si tacitement, il s&rsquo;applique toujours, en attendant mieux.<\/p>\n<p>Pour la musique, il existe moins de contraintes r\u00e8glementaires.<\/p>\n<p>L&rsquo;essentiel tourne autour de l&rsquo;abandon des DRM mais Marc Guez, d\u00e9l\u00e9gu\u00e9 g\u00e9n\u00e9ral de la Soci\u00e9t\u00e9 civile des producteurs de phonogrammes (SCPP) rappelle que les majors s&rsquo;y sont d\u00e9j\u00e0 mises.<\/p>\n<p>\u00abEMI le fait pour tout son r\u00e9pertoire dans le monde, Universal Music le fait pour son r\u00e9pertoire local [mais les fichiers du service Musique Max d&rsquo;Orange, entre autres, sont prot\u00e9g\u00e9s, NDLR]\u00bb.<\/p>\n<p>Restent Sony BMG et Warner Music, en tout cas en France.<\/p>\n<p>Cette derni\u00e8re a n\u00e9anmoins fait un premier pas avec la plate-forme europ\u00e9enne 7Digital.<\/p>\n<p>Fanch<\/p>\n","protected":false},"excerpt":{"rendered":"<p>Les accords Olivennes, et c&rsquo;est la raison pour laquelle les FAI les ont sign\u00e9s, pr\u00e9voyaient aussi le d\u00e9veloppement de l&rsquo;offre l\u00e9gale. Les accords Olivennes, qui ont inspir\u00e9 cette loi, pr\u00e9voient l&rsquo;interop\u00e9rabilit\u00e9 des DRM sur les fichiers musicaux de catalogues fran\u00e7ais (lecture sur des baladeurs de marques diff\u00e9rentes quel que soit leur syst\u00e8me de DRM), et, [&hellip;]<\/p>\n","protected":false},"author":1,"featured_media":0,"comment_status":"closed","ping_status":"open","sticky":false,"template":"","format":"standard","meta":{"_citadela_custom_class":"","footnotes":""},"categories":[19],"tags":[],"class_list":["post-8744","post","type-post","status-publish","format-standard","hentry","category-e-droit"],"_links":{"self":[{"href":"https:\/\/destinationcyber.com\/index.php?rest_route=\/wp\/v2\/posts\/8744","targetHints":{"allow":["GET"]}}],"collection":[{"href":"https:\/\/destinationcyber.com\/index.php?rest_route=\/wp\/v2\/posts"}],"about":[{"href":"https:\/\/destinationcyber.com\/index.php?rest_route=\/wp\/v2\/types\/post"}],"author":[{"embeddable":true,"href":"https:\/\/destinationcyber.com\/index.php?rest_route=\/wp\/v2\/users\/1"}],"replies":[{"embeddable":true,"href":"https:\/\/destinationcyber.com\/index.php?rest_route=%2Fwp%2Fv2%2Fcomments&post=8744"}],"version-history":[{"count":0,"href":"https:\/\/destinationcyber.com\/index.php?rest_route=\/wp\/v2\/posts\/8744\/revisions"}],"wp:attachment":[{"href":"https:\/\/destinationcyber.com\/index.php?rest_route=%2Fwp%2Fv2%2Fmedia&parent=8744"}],"wp:term":[{"taxonomy":"category","embeddable":true,"href":"https:\/\/destinationcyber.com\/index.php?rest_route=%2Fwp%2Fv2%2Fcategories&post=8744"},{"taxonomy":"post_tag","embeddable":true,"href":"https:\/\/destinationcyber.com\/index.php?rest_route=%2Fwp%2Fv2%2Ftags&post=8744"}],"curies":[{"name":"wp","href":"https:\/\/api.w.org\/{rel}","templated":true}]}}