{"id":8738,"date":"2008-06-27T23:15:35","date_gmt":"2008-06-27T21:15:35","guid":{"rendered":"https:\/\/destinationcyber.com\/?p=8738"},"modified":"2008-06-27T23:15:35","modified_gmt":"2008-06-27T21:15:35","slug":"xavier-bertrand-ecarte-la-baisse-de-remboursement-des-affections-de-longue-duree","status":"publish","type":"post","link":"https:\/\/destinationcyber.com\/?p=8738","title":{"rendered":"Xavier Bertrand \u00e9carte la baisse de remboursement des affections de longue dur\u00e9e"},"content":{"rendered":"<p>Xavier Bertrand a exclu vendredi que le gouvernement revienne sur la prise en charge \u00e0 100% par la S\u00e9curit\u00e9 sociale des affections de longue dur\u00e9e (ALD), laissant entendre que le directeur de l&rsquo;assurance maladie \u00e9tait lui-m\u00eame revenu sur sa d\u00e9cision.<\/p>\n<p>\u00ab\u00a0Il n&rsquo;est pas question de revenir sur la prise en charge \u00e0 100%\u00a0\u00bb, a d\u00e9clar\u00e9 M. Bertrand, lui-m\u00eame ancien ministre de la Sant\u00e9, sur Europe 1.<\/p>\n<p>\u00ab\u00a0D&rsquo;ailleurs j&rsquo;ai vu que la Caisse nationale d&rsquo;assurance maladie (Cnam) avait eu un d\u00e9bat et que la direction g\u00e9n\u00e9rale \u00e9tait semble-t-il revenu sur sa d\u00e9cision, tant mieux\u00a0\u00bb, a-t-il ajout\u00e9.<\/p>\n<p>\u00ab\u00a0La vocation d&rsquo;un syst\u00e8me de sant\u00e9 est bien \u00e9videmment d&rsquo;\u00eatre aux c\u00f4t\u00e9s des plus malades\u00a0\u00bb, a-t-il poursuivi.<\/p>\n<p>Un peu plus tard dans la matin\u00e9e, la direction de l&rsquo;assurance maladie a effectivement retir\u00e9 de sa proposition de plan d&rsquo;\u00e9conomies toutes les mesures concernant les affections longues dur\u00e9es (ALD).<\/p>\n<p>Le directeur de l&rsquo;assurance maladie, Fr\u00e9d\u00e9ric van Roekeghem, a d\u00e9clench\u00e9 une vive pol\u00e9mique en d\u00e9but de semaine en proposant dans les Echos une baisse du remboursement de 100% \u00e0 35% par la S\u00e9cu des m\u00e9dicaments \u00ab\u00a0\u00e0 vignette bleue\u00a0\u00bb pour les patients en longue maladie (ALD &#8211; cancer, diab\u00e8te), estimant que les compl\u00e9mentaires sant\u00e9 pourraient prendre en charge les 65% restant.<\/p>\n<p>Le gouvernement doit en principe se prononcer \u00e0 la mi-juillet sur ce plan d&rsquo;\u00e9conomies, qui porte par ailleurs sur la ma\u00eetrise des prescriptions m\u00e9dicales et sur les prix des m\u00e9dicaments.<\/p>\n<p>Fanch<\/p>\n","protected":false},"excerpt":{"rendered":"<p>Xavier Bertrand a exclu vendredi que le gouvernement revienne sur la prise en charge \u00e0 100% par la S\u00e9curit\u00e9 sociale des affections de longue dur\u00e9e (ALD), laissant entendre que le directeur de l&rsquo;assurance maladie \u00e9tait lui-m\u00eame revenu sur sa d\u00e9cision. \u00ab\u00a0Il n&rsquo;est pas question de revenir sur la prise en charge \u00e0 100%\u00a0\u00bb, a d\u00e9clar\u00e9 [&hellip;]<\/p>\n","protected":false},"author":1,"featured_media":0,"comment_status":"closed","ping_status":"open","sticky":false,"template":"","format":"standard","meta":{"_citadela_custom_class":"","footnotes":""},"categories":[17],"tags":[],"class_list":["post-8738","post","type-post","status-publish","format-standard","hentry","category-economia"],"_links":{"self":[{"href":"https:\/\/destinationcyber.com\/index.php?rest_route=\/wp\/v2\/posts\/8738","targetHints":{"allow":["GET"]}}],"collection":[{"href":"https:\/\/destinationcyber.com\/index.php?rest_route=\/wp\/v2\/posts"}],"about":[{"href":"https:\/\/destinationcyber.com\/index.php?rest_route=\/wp\/v2\/types\/post"}],"author":[{"embeddable":true,"href":"https:\/\/destinationcyber.com\/index.php?rest_route=\/wp\/v2\/users\/1"}],"replies":[{"embeddable":true,"href":"https:\/\/destinationcyber.com\/index.php?rest_route=%2Fwp%2Fv2%2Fcomments&post=8738"}],"version-history":[{"count":0,"href":"https:\/\/destinationcyber.com\/index.php?rest_route=\/wp\/v2\/posts\/8738\/revisions"}],"wp:attachment":[{"href":"https:\/\/destinationcyber.com\/index.php?rest_route=%2Fwp%2Fv2%2Fmedia&parent=8738"}],"wp:term":[{"taxonomy":"category","embeddable":true,"href":"https:\/\/destinationcyber.com\/index.php?rest_route=%2Fwp%2Fv2%2Fcategories&post=8738"},{"taxonomy":"post_tag","embeddable":true,"href":"https:\/\/destinationcyber.com\/index.php?rest_route=%2Fwp%2Fv2%2Ftags&post=8738"}],"curies":[{"name":"wp","href":"https:\/\/api.w.org\/{rel}","templated":true}]}}