{"id":8708,"date":"2008-06-16T23:37:28","date_gmt":"2008-06-16T21:37:28","guid":{"rendered":"https:\/\/destinationcyber.com\/?p=8708"},"modified":"2008-06-16T23:37:28","modified_gmt":"2008-06-16T21:37:28","slug":"les-55-millions-dabonnes-au-telephone-portable-en-france-courent-ils-un-danger","status":"publish","type":"post","link":"https:\/\/destinationcyber.com\/?p=8708","title":{"rendered":"Les 55 millions d&rsquo;abonn\u00e9s au t\u00e9l\u00e9phone portable en France courent-ils un danger ?"},"content":{"rendered":"<p>Le risque est suffisant pour que vingt scientifiques, dont d&rsquo;imminents canc\u00e9rologues fran\u00e7ais et \u00e9trangers, lancent un appel \u00e0 la prudence quant \u00e0 l&rsquo;utilisation excessive des mobiles.<\/p>\n<p>L&rsquo;exposition \u00e0 leurs ondes favoriserait \u00e0 long terme le d\u00e9veloppement de cancers.<\/p>\n<p>Plus pr\u00e9cis\u00e9ment, \u00ables \u00e9tudes les plus r\u00e9centes, qui incluent des utilisations de t\u00e9l\u00e9phones portables pendant plus de dix ans, montrent une association probable avec certaines tumeurs b\u00e9nignes (neurinomes du nerf acoustique) et certains cancers du cerveau, plus marqu\u00e9e du c\u00f4t\u00e9 d&rsquo;utilisation de l&rsquo;appareil\u00bb, ass\u00e8nent les signataires, r\u00e9unis autour du psychiatre David Servan-Schreiber, auteur d&rsquo;Anticancer (1).<\/p>\n<p>Parmi eux, on compte le professeur Henri Pujol, ancien pr\u00e9sident de la Ligue nationale contre le cancer.<\/p>\n<p>Le collectif publie \u00e9galement une liste de dix recommandations destin\u00e9es \u00e0 limiter les risques li\u00e9s \u00e0 l&rsquo;utilisation des t\u00e9l\u00e9phones mobiles.<\/p>\n<p>Depuis plusieurs ann\u00e9es d\u00e9j\u00e0, diverses \u00e9tudes tendent \u00e0 d\u00e9montrer la nocivit\u00e9 possible de ces appareils sur la sant\u00e9.<\/p>\n<p>En France, en d\u00e9but d&rsquo;ann\u00e9e, l&rsquo;universit\u00e9 Blaise Pascal \u00e0 Clermont-Ferrand avait d\u00e9montr\u00e9 des r\u00e9actions de stress sur des plants de tomates expos\u00e9s aux ondes des t\u00e9l\u00e9phones portables.<\/p>\n<p>Un rapport am\u00e9ricain publi\u00e9 en 2007 va plus loin (rapport bioinitiative compilant les r\u00e9sultats de plus de 1 500 \u00e9tudes).<\/p>\n<p>Il affirme que l&rsquo;utilisation excessive des mobiles augmenterait le risque de leuc\u00e9mie chez l&rsquo;enfant, ainsi que le d\u00e9veloppement de troubles neurologiques comme la maladie d&rsquo;Alzheimer.<\/p>\n<p>\u00bb Les op\u00e9rateurs se retranchent derri\u00e8re la position du minist\u00e8re de la Sant\u00e9, lequel concluait en ce d\u00e9but d&rsquo;ann\u00e9e 2008 : \u00abAucune preuve scientifique ne permet aujourd&rsquo;hui de d\u00e9montrer que l&rsquo;utilisation des t\u00e9l\u00e9phones mobiles pr\u00e9sente un risque notable pour la sant\u00e9, que ce soit pour les adultes ou pour les enfants.<\/p>\n<p>Il a recommand\u00e9 notamment aux parents de ne pas exposer leurs enfants aux ondes de ces t\u00e9l\u00e9phones.<\/p>\n<p>Aujourd&rsquo;hui, les signataires vont bien plus loin que leur autorit\u00e9 de tutelle.<\/p>\n<p>\u00abNous sommes aujourd&rsquo;hui dans la m\u00eame situation qu&rsquo;il y a cinquante ans pour l&rsquo;amiante et le tabac\u00bb, expose au Journal du dimanche, Thierry Bouillet, canc\u00e9rologue, directeur de l&rsquo;Institut de radioth\u00e9rapie du Centre hospitalier universitaire Avicenne, \u00e0 Bobigny.<\/p>\n<p>L&rsquo;Agence fran\u00e7aise de s\u00e9curit\u00e9 sanitaire de l&rsquo;environnement et du travail, saisie par la ministre de la Sant\u00e9, Roselyne Bachelot, devrait \u00e9galement remettre ses conclusions \u00absur les risques li\u00e9s \u00e0 l&rsquo;exposition aux radiofr\u00e9quences\u00bb.<\/p>\n<p>Ses pr\u00e9c\u00e9dents rapports avaient conclu, en 2003 et 2005, au faible danger des t\u00e9l\u00e9phones portables et \u00e0 l&rsquo;absence de nocivit\u00e9 des antennes relais.<\/p>\n<p>Fanch<\/p>\n","protected":false},"excerpt":{"rendered":"<p>Le risque est suffisant pour que vingt scientifiques, dont d&rsquo;imminents canc\u00e9rologues fran\u00e7ais et \u00e9trangers, lancent un appel \u00e0 la prudence quant \u00e0 l&rsquo;utilisation excessive des mobiles. L&rsquo;exposition \u00e0 leurs ondes favoriserait \u00e0 long terme le d\u00e9veloppement de cancers. Plus pr\u00e9cis\u00e9ment, \u00ables \u00e9tudes les plus r\u00e9centes, qui incluent des utilisations de t\u00e9l\u00e9phones portables pendant plus de [&hellip;]<\/p>\n","protected":false},"author":1,"featured_media":0,"comment_status":"closed","ping_status":"open","sticky":false,"template":"","format":"standard","meta":{"_citadela_custom_class":"","footnotes":""},"categories":[12],"tags":[],"class_list":["post-8708","post","type-post","status-publish","format-standard","hentry","category-adsl"],"_links":{"self":[{"href":"https:\/\/destinationcyber.com\/index.php?rest_route=\/wp\/v2\/posts\/8708","targetHints":{"allow":["GET"]}}],"collection":[{"href":"https:\/\/destinationcyber.com\/index.php?rest_route=\/wp\/v2\/posts"}],"about":[{"href":"https:\/\/destinationcyber.com\/index.php?rest_route=\/wp\/v2\/types\/post"}],"author":[{"embeddable":true,"href":"https:\/\/destinationcyber.com\/index.php?rest_route=\/wp\/v2\/users\/1"}],"replies":[{"embeddable":true,"href":"https:\/\/destinationcyber.com\/index.php?rest_route=%2Fwp%2Fv2%2Fcomments&post=8708"}],"version-history":[{"count":0,"href":"https:\/\/destinationcyber.com\/index.php?rest_route=\/wp\/v2\/posts\/8708\/revisions"}],"wp:attachment":[{"href":"https:\/\/destinationcyber.com\/index.php?rest_route=%2Fwp%2Fv2%2Fmedia&parent=8708"}],"wp:term":[{"taxonomy":"category","embeddable":true,"href":"https:\/\/destinationcyber.com\/index.php?rest_route=%2Fwp%2Fv2%2Fcategories&post=8708"},{"taxonomy":"post_tag","embeddable":true,"href":"https:\/\/destinationcyber.com\/index.php?rest_route=%2Fwp%2Fv2%2Ftags&post=8708"}],"curies":[{"name":"wp","href":"https:\/\/api.w.org\/{rel}","templated":true}]}}