{"id":8688,"date":"2008-06-09T01:16:35","date_gmt":"2008-06-08T23:16:35","guid":{"rendered":"https:\/\/destinationcyber.com\/?p=8688"},"modified":"2008-06-09T01:16:35","modified_gmt":"2008-06-08T23:16:35","slug":"polemique-sur-le-paiement-des-heures-supplementaires","status":"publish","type":"post","link":"https:\/\/destinationcyber.com\/?p=8688","title":{"rendered":"Pol\u00e9mique sur le paiement des heures suppl\u00e9mentaires"},"content":{"rendered":"<p>Fran\u00e7ois Fillon a d\u00e9menti toute d\u00e9r\u00e8glementation du syst\u00e8me de majoration salariale des heures suppl\u00e9mentaires dans le projet de loi sur le temps de travail actuellement en pr\u00e9paration.<\/p>\n<p>Citant une source \u00ab\u00a0dans l&rsquo;entourage du chef du gouvernement\u00a0\u00bb, le Journal du Dimanche \u00e9crit que Matignon souhaite des n\u00e9gociations au niveau des entreprises sur le bonus salarial, fix\u00e9 pour l&rsquo;instant \u00e0 25%.<\/p>\n<p>\u00ab\u00a0Le projet de Fran\u00e7ois Fillon permettrait aux employeurs et aux salari\u00e9s par accord d&rsquo;entreprise de faire varier cette majoration aussi bien \u00e0 la hausse qu&rsquo;\u00e0 la baisse\u00a0\u00bb, affirme l&rsquo;hebdomadaire.<\/p>\n<p>\u00ab\u00a0Le premier ministre nous dit qu&rsquo;il n&rsquo;a jamais r\u00e9fl\u00e9chi \u00e0 \u00e7a alors qu&rsquo;il nous a demand\u00e9 de n\u00e9gocier l\u00e0-dessus et nous avons dit non, il n&rsquo;en est pas question, donc on voit bien qu&rsquo;il a une d\u00e9fense un peu fausse par rapport \u00e0 ses propres intentions\u00a0\u00bb, a-t-il ajout\u00e9.<\/p>\n<p>Le projet de loi, pr\u00e9par\u00e9 par le ministre du Travail, Xavier Bertrand, renvoie \u00e0 la n\u00e9gociation d&rsquo;entreprise ou, \u00e0 d\u00e9faut, \u00e0 des accords de branche, les modalit\u00e9s de d\u00e9passement du contingent d&rsquo;heures suppl\u00e9mentaires.<\/p>\n<p>Fanch<\/p>\n","protected":false},"excerpt":{"rendered":"<p>Fran\u00e7ois Fillon a d\u00e9menti toute d\u00e9r\u00e8glementation du syst\u00e8me de majoration salariale des heures suppl\u00e9mentaires dans le projet de loi sur le temps de travail actuellement en pr\u00e9paration. Citant une source \u00ab\u00a0dans l&rsquo;entourage du chef du gouvernement\u00a0\u00bb, le Journal du Dimanche \u00e9crit que Matignon souhaite des n\u00e9gociations au niveau des entreprises sur le bonus salarial, fix\u00e9 [&hellip;]<\/p>\n","protected":false},"author":1,"featured_media":0,"comment_status":"closed","ping_status":"open","sticky":false,"template":"","format":"standard","meta":{"_citadela_custom_class":"","footnotes":""},"categories":[17],"tags":[],"class_list":["post-8688","post","type-post","status-publish","format-standard","hentry","category-economia"],"_links":{"self":[{"href":"https:\/\/destinationcyber.com\/index.php?rest_route=\/wp\/v2\/posts\/8688","targetHints":{"allow":["GET"]}}],"collection":[{"href":"https:\/\/destinationcyber.com\/index.php?rest_route=\/wp\/v2\/posts"}],"about":[{"href":"https:\/\/destinationcyber.com\/index.php?rest_route=\/wp\/v2\/types\/post"}],"author":[{"embeddable":true,"href":"https:\/\/destinationcyber.com\/index.php?rest_route=\/wp\/v2\/users\/1"}],"replies":[{"embeddable":true,"href":"https:\/\/destinationcyber.com\/index.php?rest_route=%2Fwp%2Fv2%2Fcomments&post=8688"}],"version-history":[{"count":0,"href":"https:\/\/destinationcyber.com\/index.php?rest_route=\/wp\/v2\/posts\/8688\/revisions"}],"wp:attachment":[{"href":"https:\/\/destinationcyber.com\/index.php?rest_route=%2Fwp%2Fv2%2Fmedia&parent=8688"}],"wp:term":[{"taxonomy":"category","embeddable":true,"href":"https:\/\/destinationcyber.com\/index.php?rest_route=%2Fwp%2Fv2%2Fcategories&post=8688"},{"taxonomy":"post_tag","embeddable":true,"href":"https:\/\/destinationcyber.com\/index.php?rest_route=%2Fwp%2Fv2%2Ftags&post=8688"}],"curies":[{"name":"wp","href":"https:\/\/api.w.org\/{rel}","templated":true}]}}