{"id":8681,"date":"2008-06-06T23:44:22","date_gmt":"2008-06-06T21:44:22","guid":{"rendered":"https:\/\/destinationcyber.com\/?p=8681"},"modified":"2008-06-06T23:44:22","modified_gmt":"2008-06-06T21:44:22","slug":"apple-sera-absent-de-lapple-expo-cette-annee","status":"publish","type":"post","link":"https:\/\/destinationcyber.com\/?p=8681","title":{"rendered":"Apple sera absent de l&rsquo;Apple Expo cette ann\u00e9e"},"content":{"rendered":"<p>Ce n&rsquo;est pas vraiment une surprise puisque la rumeur s&rsquo;\u00e9tait d\u00e9j\u00e0 largement r\u00e9pandue, mais cette fois c&rsquo;est officiel : Apple sera bel et bien absent de l&rsquo;Apple Expo cette ann\u00e9e.<\/p>\n<p>Cette annonce confirme la tendance g\u00e9n\u00e9rale qui montre que la firme \u00e0 la pomme pr\u00e9f\u00e8re se concentrer sur son d\u00e9veloppement des AppleStores plut\u00f4t que des expositions.<\/p>\n<p>La pomme s&rsquo;appr\u00eate en effet \u00e0 ouvrir d&rsquo;ici peu un magasin \u00e0 Paris, fortifiant ainsi son r\u00e9seau de plus de 200 magasins r\u00e9partis \u00e0 travers le monde.<\/p>\n<p>Sans la pr\u00e9sence de la firme, l&rsquo;Apple Expo, qui soufflera cette ann\u00e9e sa vingt-cinqui\u00e8me bougie, pourrait bien \u00eatre condamn\u00e9e \u00e0 dispara\u00eetre.<\/p>\n<p>Fanch<\/p>\n","protected":false},"excerpt":{"rendered":"<p>Ce n&rsquo;est pas vraiment une surprise puisque la rumeur s&rsquo;\u00e9tait d\u00e9j\u00e0 largement r\u00e9pandue, mais cette fois c&rsquo;est officiel : Apple sera bel et bien absent de l&rsquo;Apple Expo cette ann\u00e9e. Cette annonce confirme la tendance g\u00e9n\u00e9rale qui montre que la firme \u00e0 la pomme pr\u00e9f\u00e8re se concentrer sur son d\u00e9veloppement des AppleStores plut\u00f4t que des [&hellip;]<\/p>\n","protected":false},"author":1,"featured_media":0,"comment_status":"closed","ping_status":"open","sticky":false,"template":"","format":"standard","meta":{"_citadela_custom_class":"","footnotes":""},"categories":[18],"tags":[],"class_list":["post-8681","post","type-post","status-publish","format-standard","hentry","category-medias"],"_links":{"self":[{"href":"https:\/\/destinationcyber.com\/index.php?rest_route=\/wp\/v2\/posts\/8681","targetHints":{"allow":["GET"]}}],"collection":[{"href":"https:\/\/destinationcyber.com\/index.php?rest_route=\/wp\/v2\/posts"}],"about":[{"href":"https:\/\/destinationcyber.com\/index.php?rest_route=\/wp\/v2\/types\/post"}],"author":[{"embeddable":true,"href":"https:\/\/destinationcyber.com\/index.php?rest_route=\/wp\/v2\/users\/1"}],"replies":[{"embeddable":true,"href":"https:\/\/destinationcyber.com\/index.php?rest_route=%2Fwp%2Fv2%2Fcomments&post=8681"}],"version-history":[{"count":0,"href":"https:\/\/destinationcyber.com\/index.php?rest_route=\/wp\/v2\/posts\/8681\/revisions"}],"wp:attachment":[{"href":"https:\/\/destinationcyber.com\/index.php?rest_route=%2Fwp%2Fv2%2Fmedia&parent=8681"}],"wp:term":[{"taxonomy":"category","embeddable":true,"href":"https:\/\/destinationcyber.com\/index.php?rest_route=%2Fwp%2Fv2%2Fcategories&post=8681"},{"taxonomy":"post_tag","embeddable":true,"href":"https:\/\/destinationcyber.com\/index.php?rest_route=%2Fwp%2Fv2%2Ftags&post=8681"}],"curies":[{"name":"wp","href":"https:\/\/api.w.org\/{rel}","templated":true}]}}