{"id":8648,"date":"2008-05-29T00:19:34","date_gmt":"2008-05-28T22:19:34","guid":{"rendered":"https:\/\/destinationcyber.com\/?p=8648"},"modified":"2008-05-29T00:19:34","modified_gmt":"2008-05-28T22:19:34","slug":"obligation-pour-les-transporteurs-de-repercuter-les-hausses-de-carburant-dans-leurs-tarifs","status":"publish","type":"post","link":"https:\/\/destinationcyber.com\/?p=8648","title":{"rendered":"Obligation pour les transporteurs de r\u00e9percuter les hausses de carburant dans leurs tarifs"},"content":{"rendered":"<p>Le gouvernement veut imposer des \u00ab\u00a0sanctions p\u00e9nales\u00a0\u00bb aux transporteurs qui ne r\u00e9percuteraient pas sur leurs tarifs les hausses de carburant, a d\u00e9clar\u00e9 mercredi \u00e0 la presse un des porte-parole de l&rsquo;UMP, Fr\u00e9d\u00e9ric Lefebvre.<\/p>\n<p>Le gouvernement va d\u00e9poser un amendement dans la loi de modernisation \u00e9conomique qui va permettre de donner des sanctions p\u00e9nales aux entreprises qui ne respectent pas la loi sur la possibilit\u00e9 de r\u00e9percuter (les hausses de prix).<\/p>\n<p>Les routiers l&rsquo;attendent\u00a0\u00bb, a expliqu\u00e9 M. Lefebvre lors de l&rsquo;\u00e9mission Questions d&rsquo;info (LCP-France Info-AFP).<\/p>\n<p>Le d\u00e9put\u00e9 UMP a par ailleurs estim\u00e9 que la socialiste S\u00e9gol\u00e8ne Royal avait fait une \u00ab\u00a0remarque stupide\u00a0\u00bb, lorsqu&rsquo;elle a dit qu&rsquo;il fallait \u00ab\u00a0supprimer les taxes\u00a0\u00bb sur les carburants, face aux hausses vertigineuses des produits p\u00e9troliers.<\/p>\n<p>Le 21 mai, Fran\u00e7ois Fillon avait fortement sugg\u00e9r\u00e9 aux routiers, qui menacent d&rsquo;entreprendre des actions pour protester contre la hausse du prix du gazole, de \u00ab\u00a0r\u00e9percuter\u00a0\u00bb cette augmentation sur leurs tarifs.<\/p>\n<p>Fanch<\/p>\n","protected":false},"excerpt":{"rendered":"<p>Le gouvernement veut imposer des \u00ab\u00a0sanctions p\u00e9nales\u00a0\u00bb aux transporteurs qui ne r\u00e9percuteraient pas sur leurs tarifs les hausses de carburant, a d\u00e9clar\u00e9 mercredi \u00e0 la presse un des porte-parole de l&rsquo;UMP, Fr\u00e9d\u00e9ric Lefebvre. Le gouvernement va d\u00e9poser un amendement dans la loi de modernisation \u00e9conomique qui va permettre de donner des sanctions p\u00e9nales aux entreprises [&hellip;]<\/p>\n","protected":false},"author":1,"featured_media":0,"comment_status":"closed","ping_status":"open","sticky":false,"template":"","format":"standard","meta":{"_citadela_custom_class":"","footnotes":""},"categories":[17],"tags":[],"class_list":["post-8648","post","type-post","status-publish","format-standard","hentry","category-economia"],"_links":{"self":[{"href":"https:\/\/destinationcyber.com\/index.php?rest_route=\/wp\/v2\/posts\/8648","targetHints":{"allow":["GET"]}}],"collection":[{"href":"https:\/\/destinationcyber.com\/index.php?rest_route=\/wp\/v2\/posts"}],"about":[{"href":"https:\/\/destinationcyber.com\/index.php?rest_route=\/wp\/v2\/types\/post"}],"author":[{"embeddable":true,"href":"https:\/\/destinationcyber.com\/index.php?rest_route=\/wp\/v2\/users\/1"}],"replies":[{"embeddable":true,"href":"https:\/\/destinationcyber.com\/index.php?rest_route=%2Fwp%2Fv2%2Fcomments&post=8648"}],"version-history":[{"count":0,"href":"https:\/\/destinationcyber.com\/index.php?rest_route=\/wp\/v2\/posts\/8648\/revisions"}],"wp:attachment":[{"href":"https:\/\/destinationcyber.com\/index.php?rest_route=%2Fwp%2Fv2%2Fmedia&parent=8648"}],"wp:term":[{"taxonomy":"category","embeddable":true,"href":"https:\/\/destinationcyber.com\/index.php?rest_route=%2Fwp%2Fv2%2Fcategories&post=8648"},{"taxonomy":"post_tag","embeddable":true,"href":"https:\/\/destinationcyber.com\/index.php?rest_route=%2Fwp%2Fv2%2Ftags&post=8648"}],"curies":[{"name":"wp","href":"https:\/\/api.w.org\/{rel}","templated":true}]}}