{"id":8597,"date":"2008-05-15T13:24:47","date_gmt":"2008-05-15T11:24:47","guid":{"rendered":"https:\/\/destinationcyber.com\/?p=8597"},"modified":"2008-05-15T13:24:47","modified_gmt":"2008-05-15T11:24:47","slug":"la-vingt-septieme-region-francaise-voit-le-jour","status":"publish","type":"post","link":"https:\/\/destinationcyber.com\/?p=8597","title":{"rendered":"La vingt-septi\u00e8me r\u00e9gion fran\u00e7aise voit le jour"},"content":{"rendered":"<p>La vingt-septi\u00e8me r\u00e9gion sera plus qu&rsquo;un territoire virtuel.<\/p>\n<p>\u00abCe sera un observatoire et un laboratoire\u00bb annonce Alain Rousset, pr\u00e9sident du Conseil r\u00e9gional d&rsquo;Aquitaine.<\/p>\n<p>\u00abIl s&rsquo;agira d&rsquo;un laboratoire des nouvelles politiques publiques \u00e0 l&rsquo;\u00e2ge num\u00e9rique, et non pas une politique des TIC\u00bb pr\u00e9cise Christian Paul, pr\u00e9sident de la commission TIC de l&rsquo;ARF, l&rsquo;association des r\u00e9gions de France.<\/p>\n<p>Ce 14 mai, lors d&rsquo;une conf\u00e9rence de presse \u00e0 Paris, l&rsquo;association a donc pr\u00e9sent\u00e9 ce projet qui repose sur une id\u00e9e lanc\u00e9e dans le livre \u00abLe d\u00e9fi num\u00e9rique des territoires, r\u00e9inventer l&rsquo;action publique\u00bb, paru en mars 2007.<\/p>\n<p>L&rsquo;ouvrage pr\u00f4nait un r\u00f4le accru des institutions territoriales dans la politique num\u00e9rique, ainsi qu&rsquo;une coop\u00e9ration plus approfondie entre les r\u00e9gions.<\/p>\n<p>Six d\u00e9fis majeurs \u00abAvec la vingt-septi\u00e8me r\u00e9gion, nous allons pouvoir partager plus d&rsquo;id\u00e9es\u00bb, a soulign\u00e9 Jean-Paul Bachy pr\u00e9sident du Conseil r\u00e9gional de Champagne Ardennes, pr\u00e9sent lors de la conf\u00e9rence aux cot\u00e9s de ses homologues de Bourgogne, d&rsquo;Auvergne, d&rsquo;Alsace, et des pays de Loire.<\/p>\n<p>Aujourd&rsquo;hui, l&rsquo;ARF propose \u00e0 ses adh\u00e9rentes de s&rsquo;engager dans des projets concrets qui r\u00e9pondent aux d\u00e9fis auxquels sont confront\u00e9es les r\u00e9gions.<\/p>\n<p>Les autres collectivit\u00e9s, comme les d\u00e9partements ou les villes, sont \u00e9galement invit\u00e9es.<\/p>\n<p>Enfin, la Fing, la fondation internet nouvelle g\u00e9n\u00e9ration, joue le r\u00f4le de \u00abpartenaire mati\u00e8re grise\u00bb.<\/p>\n<p>Mieux, la vingt septi\u00e8me r\u00e9gion regarde au-del\u00e0 des fronti\u00e8res, pour s&rsquo;adresser aux autres r\u00e9gions europ\u00e9ennes, et, m\u00eame, jusqu&rsquo;\u00e0 l&rsquo;Union Europ\u00e9enne.<\/p>\n<p>Ce nouvel outil collaboratif pourra notamment \u00eatre exploit\u00e9 pour participer plus efficacement aux appels \u00e0 projet europ\u00e9ens, o\u00f9 les collectivit\u00e9s territoriales fran\u00e7aises sont pour l&rsquo;instant plut\u00f4t absentes.<\/p>\n<p>Leur co\u00fbt, estim\u00e9 \u00e0 hauteur de 150 \u00e0 200 000 euros environ, sera pris en charge par les participants.<\/p>\n<p>Deux ou trois initiatives devraient \u00eatre lanc\u00e9es dans les mois qui viennent.<\/p>\n<p>Fanch<\/p>\n","protected":false},"excerpt":{"rendered":"<p>La vingt-septi\u00e8me r\u00e9gion sera plus qu&rsquo;un territoire virtuel. \u00abCe sera un observatoire et un laboratoire\u00bb annonce Alain Rousset, pr\u00e9sident du Conseil r\u00e9gional d&rsquo;Aquitaine. \u00abIl s&rsquo;agira d&rsquo;un laboratoire des nouvelles politiques publiques \u00e0 l&rsquo;\u00e2ge num\u00e9rique, et non pas une politique des TIC\u00bb pr\u00e9cise Christian Paul, pr\u00e9sident de la commission TIC de l&rsquo;ARF, l&rsquo;association des r\u00e9gions de [&hellip;]<\/p>\n","protected":false},"author":1,"featured_media":0,"comment_status":"closed","ping_status":"open","sticky":false,"template":"","format":"standard","meta":{"_citadela_custom_class":"","footnotes":""},"categories":[16],"tags":[],"class_list":["post-8597","post","type-post","status-publish","format-standard","hentry","category-bricabrac"],"_links":{"self":[{"href":"https:\/\/destinationcyber.com\/index.php?rest_route=\/wp\/v2\/posts\/8597","targetHints":{"allow":["GET"]}}],"collection":[{"href":"https:\/\/destinationcyber.com\/index.php?rest_route=\/wp\/v2\/posts"}],"about":[{"href":"https:\/\/destinationcyber.com\/index.php?rest_route=\/wp\/v2\/types\/post"}],"author":[{"embeddable":true,"href":"https:\/\/destinationcyber.com\/index.php?rest_route=\/wp\/v2\/users\/1"}],"replies":[{"embeddable":true,"href":"https:\/\/destinationcyber.com\/index.php?rest_route=%2Fwp%2Fv2%2Fcomments&post=8597"}],"version-history":[{"count":0,"href":"https:\/\/destinationcyber.com\/index.php?rest_route=\/wp\/v2\/posts\/8597\/revisions"}],"wp:attachment":[{"href":"https:\/\/destinationcyber.com\/index.php?rest_route=%2Fwp%2Fv2%2Fmedia&parent=8597"}],"wp:term":[{"taxonomy":"category","embeddable":true,"href":"https:\/\/destinationcyber.com\/index.php?rest_route=%2Fwp%2Fv2%2Fcategories&post=8597"},{"taxonomy":"post_tag","embeddable":true,"href":"https:\/\/destinationcyber.com\/index.php?rest_route=%2Fwp%2Fv2%2Ftags&post=8597"}],"curies":[{"name":"wp","href":"https:\/\/api.w.org\/{rel}","templated":true}]}}