{"id":8575,"date":"2008-05-07T22:50:18","date_gmt":"2008-05-07T20:50:18","guid":{"rendered":"https:\/\/destinationcyber.com\/?p=8575"},"modified":"2008-05-07T22:50:18","modified_gmt":"2008-05-07T20:50:18","slug":"la-commission-copie-privee-dans-la-toumente","status":"publish","type":"post","link":"https:\/\/destinationcyber.com\/?p=8575","title":{"rendered":"La Commission copie priv\u00e9e dans la toumente"},"content":{"rendered":"<p>Le ton monte entre les membres de la Commission copie priv\u00e9e, charg\u00e9e d&rsquo;\u00e9tablir le montant de la r\u00e9mun\u00e9ration sur les supports num\u00e9riques vierges (CD, DVD, baladeurs MP3, voir le bar\u00eame&#8230;) pour compenser la copie d&rsquo;&#339;uvres audiovisuelles \u00e0 titre priv\u00e9.<\/p>\n<p>Elle est th\u00e9oriquement compos\u00e9e de vingt-quatre membres issus de trois coll\u00e8ges : les ayants droit (qui per\u00e7oivent cette r\u00e9mun\u00e9ration), les industriels et les repr\u00e9sentants des consommateurs.<\/p>\n<p>Aujourd&rsquo;hui, cette commission ne compte plus que quatorze membres actifs (dont les douze ayants droit), preuve du malaise ambiant.<\/p>\n<p>Deux associations de consommateurs, Familles de France et l&rsquo;Aproged (utilisateurs professionnels), viennent en effet de jeter l&rsquo;\u00e9ponge, quelques semaines apr\u00e8s les repr\u00e9sentants de l&rsquo;industrie \u00e9lectronique.<\/p>\n<p>Tous d\u00e9noncent les m\u00e9thodes de fonctionnement de cette commission, fond\u00e9e sur la loi Lang de 1985.<\/p>\n<p>Ses proc\u00e9dures manqueraient de transparence et ne seraient plus adapt\u00e9es \u00e0 l&rsquo;\u00e9volution des technologies num\u00e9riques.<\/p>\n<p>C&rsquo;est la r\u00e9cente application de la \u00abtaxe\u00bb copie priv\u00e9e aux t\u00e9l\u00e9phones multim\u00e9dias qui a mis le feu aux poudres.<\/p>\n<p>A l&rsquo;instar des fabricants, Familles de France et l&rsquo;Aproged se disent \u00abchoqu\u00e9es\u00bb par la fa\u00e7on dont elle a \u00e9t\u00e9 fix\u00e9e, sans \u00e9tudes pr\u00e9alables.<\/p>\n<p>Selon le minist\u00e8re de la Culture qui chapeaute la commission, de telles \u00e9tudes ne sont pas obligatoires et doivent \u00eatre command\u00e9es par les membres, dont les fabricants et les associations de consommateurs&#8230;<\/p>\n<p>Mais il n&rsquo;y a pas eu d&rsquo;accord sur la p\u00e9riode pour la pratiquer.<\/p>\n<p>Destabilis\u00e9 par les couacs de la Commission, le minist\u00e8re a d\u00e9cid\u00e9 de prendre dor\u00e9navant \u00e0 sa charge ces \u00e9tudes sur le comportement des acheteurs.<\/p>\n<p>Il ouvrira aussi la semaine prochaine un site d\u00e9di\u00e9, pour faire preuve de bonne foi en mati\u00e8re de transparence.<\/p>\n<p>Cela a d\u00e9j\u00e0 \u00e9t\u00e9 fait en 2006 avec la loi sur les droits d&rsquo;auteur.<\/p>\n<p>En effet, le dossier \u00abcopie priv\u00e9e\u00bb est arriv\u00e9 sur le bureau d&rsquo;Eric Besson, le nouveau secr\u00e9taire d&rsquo;Etat au D\u00e9veloppement de l&rsquo;\u00e9conomie num\u00e9rique.<\/p>\n<p>Son instance est en train de revoir le dispositif de fond en comble, apr\u00e8s audition des diff\u00e9rentes parties.<\/p>\n<p>La commission s&rsquo;attaquera la semaine prochaine \u00e0 la redevance \u00e0 appliquer aux disques Blu-ray, qui passera comme une lettre \u00e0 la poste.<\/p>\n<p>Fanch<\/p>\n","protected":false},"excerpt":{"rendered":"<p>Le ton monte entre les membres de la Commission copie priv\u00e9e, charg\u00e9e d&rsquo;\u00e9tablir le montant de la r\u00e9mun\u00e9ration sur les supports num\u00e9riques vierges (CD, DVD, baladeurs MP3, voir le bar\u00eame&#8230;) pour compenser la copie d&rsquo;&#339;uvres audiovisuelles \u00e0 titre priv\u00e9. Elle est th\u00e9oriquement compos\u00e9e de vingt-quatre membres issus de trois coll\u00e8ges : les ayants droit (qui [&hellip;]<\/p>\n","protected":false},"author":1,"featured_media":0,"comment_status":"closed","ping_status":"open","sticky":false,"template":"","format":"standard","meta":{"_citadela_custom_class":"","footnotes":""},"categories":[18],"tags":[],"class_list":["post-8575","post","type-post","status-publish","format-standard","hentry","category-medias"],"_links":{"self":[{"href":"https:\/\/destinationcyber.com\/index.php?rest_route=\/wp\/v2\/posts\/8575","targetHints":{"allow":["GET"]}}],"collection":[{"href":"https:\/\/destinationcyber.com\/index.php?rest_route=\/wp\/v2\/posts"}],"about":[{"href":"https:\/\/destinationcyber.com\/index.php?rest_route=\/wp\/v2\/types\/post"}],"author":[{"embeddable":true,"href":"https:\/\/destinationcyber.com\/index.php?rest_route=\/wp\/v2\/users\/1"}],"replies":[{"embeddable":true,"href":"https:\/\/destinationcyber.com\/index.php?rest_route=%2Fwp%2Fv2%2Fcomments&post=8575"}],"version-history":[{"count":0,"href":"https:\/\/destinationcyber.com\/index.php?rest_route=\/wp\/v2\/posts\/8575\/revisions"}],"wp:attachment":[{"href":"https:\/\/destinationcyber.com\/index.php?rest_route=%2Fwp%2Fv2%2Fmedia&parent=8575"}],"wp:term":[{"taxonomy":"category","embeddable":true,"href":"https:\/\/destinationcyber.com\/index.php?rest_route=%2Fwp%2Fv2%2Fcategories&post=8575"},{"taxonomy":"post_tag","embeddable":true,"href":"https:\/\/destinationcyber.com\/index.php?rest_route=%2Fwp%2Fv2%2Ftags&post=8575"}],"curies":[{"name":"wp","href":"https:\/\/api.w.org\/{rel}","templated":true}]}}