{"id":8496,"date":"2008-04-18T12:52:28","date_gmt":"2008-04-18T10:52:28","guid":{"rendered":"https:\/\/destinationcyber.com\/?p=8496"},"modified":"2008-04-18T12:52:28","modified_gmt":"2008-04-18T10:52:28","slug":"le-prix-de-liphone-pourrait-fortement-baisser-en-france","status":"publish","type":"post","link":"https:\/\/destinationcyber.com\/?p=8496","title":{"rendered":"Le prix de l&rsquo;iPhone pourrait fortement baisser en France"},"content":{"rendered":"<p>Le prix de l&rsquo;iPhone d&rsquo;Apple pourrait fortement baisser en France dans les prochaines semaines, gr\u00e2ce \u00e0 une subvention d&rsquo;Orange (groupe France T\u00e9l\u00e9com).<\/p>\n<p>L&rsquo;iPhone ne s&rsquo;est vendu qu&rsquo;\u00e0 100.000 exemplaires depuis son lancement fin novembre, ajoute-t-il.<\/p>\n<p>Deux responsables d&rsquo;Orange, Louis-Pierre Wenes, directeur ex\u00e9cutif pour la France, et Alice Holzman, directeur marketing de l&rsquo;op\u00e9rateur, ont pris l&rsquo;avion en d\u00e9but de semaine pour Cupertino, dans la Silicon Valley o\u00f9 ils ont rencontr\u00e9 Tim Cook, le directeur g\u00e9n\u00e9ral de la marque \u00e0 la pomme.<\/p>\n<p>Ils auraient discut\u00e9 des modalit\u00e9s de la baisse des prix du \u00ab\u00a0smartphone\u00a0\u00bb d&rsquo;Apple en France. \u00ab\u00a0Il y a une pression forte d&rsquo;Apple pour passer \u00e0 un mod\u00e8le subventionn\u00e9\u00a0\u00bb, ajoute Les Echos, citant une source proche d&rsquo;Orange.<\/p>\n<p>\u00ab\u00a0Apple est en train de tirer les le\u00e7ons de l&rsquo;\u00e9chec de son iPhone en France et en Europe, et de revoir son mod\u00e8le \u00e9conomique\u00a0\u00bb, explique-t-il.<\/p>\n<p>L&rsquo;op\u00e9rateur d\u00e9ment ces informations, indiquant qu \u00ab\u00a0il n&rsquo;est pas question de changer le mod\u00e8le \u00e9conomique de l&rsquo;iPhone\u00a0\u00bb et que \u00ab\u00a0tout se passe tr\u00e8s bien\u00a0\u00bb.<\/p>\n<p>T-Mobile en Allemagne en avait commercialis\u00e9 70.000 \u00e0 la fin janvier et le britannique O2, 200.000 alors qu&rsquo;Apple a fix\u00e9 un objectif de 10 millions d&rsquo;exemplaires dans le monde d&rsquo;ici \u00e0 la fin de l&rsquo;ann\u00e9e, rappelle Les Echos.<\/p>\n<p>Fanch<\/p>\n","protected":false},"excerpt":{"rendered":"<p>Le prix de l&rsquo;iPhone d&rsquo;Apple pourrait fortement baisser en France dans les prochaines semaines, gr\u00e2ce \u00e0 une subvention d&rsquo;Orange (groupe France T\u00e9l\u00e9com). L&rsquo;iPhone ne s&rsquo;est vendu qu&rsquo;\u00e0 100.000 exemplaires depuis son lancement fin novembre, ajoute-t-il. Deux responsables d&rsquo;Orange, Louis-Pierre Wenes, directeur ex\u00e9cutif pour la France, et Alice Holzman, directeur marketing de l&rsquo;op\u00e9rateur, ont pris l&rsquo;avion [&hellip;]<\/p>\n","protected":false},"author":1,"featured_media":0,"comment_status":"closed","ping_status":"open","sticky":false,"template":"","format":"standard","meta":{"_citadela_custom_class":"","footnotes":""},"categories":[14],"tags":[],"class_list":["post-8496","post","type-post","status-publish","format-standard","hentry","category-matos"],"_links":{"self":[{"href":"https:\/\/destinationcyber.com\/index.php?rest_route=\/wp\/v2\/posts\/8496","targetHints":{"allow":["GET"]}}],"collection":[{"href":"https:\/\/destinationcyber.com\/index.php?rest_route=\/wp\/v2\/posts"}],"about":[{"href":"https:\/\/destinationcyber.com\/index.php?rest_route=\/wp\/v2\/types\/post"}],"author":[{"embeddable":true,"href":"https:\/\/destinationcyber.com\/index.php?rest_route=\/wp\/v2\/users\/1"}],"replies":[{"embeddable":true,"href":"https:\/\/destinationcyber.com\/index.php?rest_route=%2Fwp%2Fv2%2Fcomments&post=8496"}],"version-history":[{"count":0,"href":"https:\/\/destinationcyber.com\/index.php?rest_route=\/wp\/v2\/posts\/8496\/revisions"}],"wp:attachment":[{"href":"https:\/\/destinationcyber.com\/index.php?rest_route=%2Fwp%2Fv2%2Fmedia&parent=8496"}],"wp:term":[{"taxonomy":"category","embeddable":true,"href":"https:\/\/destinationcyber.com\/index.php?rest_route=%2Fwp%2Fv2%2Fcategories&post=8496"},{"taxonomy":"post_tag","embeddable":true,"href":"https:\/\/destinationcyber.com\/index.php?rest_route=%2Fwp%2Fv2%2Ftags&post=8496"}],"curies":[{"name":"wp","href":"https:\/\/api.w.org\/{rel}","templated":true}]}}