{"id":8476,"date":"2008-04-14T13:51:11","date_gmt":"2008-04-14T11:51:11","guid":{"rendered":"https:\/\/destinationcyber.com\/?p=8476"},"modified":"2008-04-14T13:51:11","modified_gmt":"2008-04-14T11:51:11","slug":"14-de-la-population-renoncent-a-se-soigner-pour-des-raisons-financieres","status":"publish","type":"post","link":"https:\/\/destinationcyber.com\/?p=8476","title":{"rendered":"14% de la population renoncent \u00e0 se soigner pour des raisons financi\u00e8res\u00a0\u00bb."},"content":{"rendered":"<p>Le pr\u00e9sident de la Mutualit\u00e9 Fran\u00e7aise Jean-Pierre Davant a appel\u00e9 lundi la ministre de la Sant\u00e9 Roselyne Bachelot \u00e0 \u00ab\u00a0n\u00e9gocier\u00a0\u00bb sur la question du remboursement des frais d&rsquo;optique, pr\u00e9venant que les mutuelles ne font pas \u00ab\u00a0de b\u00e9n\u00e9fices\u00a0\u00bb.<\/p>\n<p>\u00ab\u00a0Je regrette beaucoup la d\u00e9claration de Mme Bachelot parce que le gouvernement va ouvrir les n\u00e9gociations.<\/p>\n<p>Je pense qu&rsquo;il serait plus raisonnable de n\u00e9gocier d&rsquo;abord, parler entre gens raisonnables, avant de faire des d\u00e9clarations de ce type\u00a0\u00bb, a-t-il soulign\u00e9 sur RTL.<\/p>\n<p>Dans un communiqu\u00e9, il estime que \u00ab\u00a0les franchises m\u00e9dicales \u00e9taient le hors-d&rsquo;&#339;uvre, nous sommes pass\u00e9s au plat principal avec la fin de la S\u00e9curit\u00e9 Sociale pour tous\u00a0\u00bb.<\/p>\n<p>\u00ab\u00a0Quand on regarde l&rsquo;\u00e9volution du chiffre d&rsquo;affaire et des marges b\u00e9n\u00e9ficiaires des organismes compl\u00e9mentaires, on constate les cotisations sociales (&#8230;) ont augment\u00e9 de 30% dans les dix derni\u00e8res, mais que dans les quatre ans qui viennent de s&rsquo;\u00e9couler, la marge b\u00e9n\u00e9ficiaire de ces organismes compl\u00e9mentaires est pass\u00e9e de 12% \u00e0 23%.<\/p>\n<p>\u00ab\u00a0Elle a pratiquement doubl\u00e9 \u00e0 p\u00e9rim\u00e8tre de prise en charge \u00e9gal\u00a0\u00bb, donc \u00ab\u00a0il y a des marges de man&#339;uvre dans ces organismes compl\u00e9mentaires\u00a0\u00bb, a avanc\u00e9 la ministre de la Sant\u00e9, qui \u00ab\u00a0met, pour faire basculer des d\u00e9penses de sant\u00e9 vers les organismes compl\u00e9mentaires, un certain nombre de conditions\u00a0\u00bb.<\/p>\n<p>Mme Bachelot estime qu&rsquo;il faut \u00ab\u00a0les mettre en concurrence\u00a0\u00bb, avec \u00ab\u00a0un vrai outil de r\u00e9gulation, (qui) fasse preuve qu&rsquo;elles ont un avantage, une valeur ajout\u00e9e\u00a0\u00bb, mais surtout si l&rsquo;on fait \u00ab\u00a0passer le remboursement de tel ou tel secteur vers les organismes compl\u00e9mentaires, il faut faire en sorte que tous les Fran\u00e7ais soient couverts par une compl\u00e9mentaire\u00a0\u00bb.<\/p>\n<p>\u00ab\u00a0La question de la prise en charge des lunettes suppose au pr\u00e9alable que tout le monde ait une couverture globale\u00a0\u00bb, a pr\u00e9cis\u00e9 lundi la porte-parole de l&rsquo;UMP Chantal Brunel.<\/p>\n<p>Fanch<\/p>\n","protected":false},"excerpt":{"rendered":"<p>Le pr\u00e9sident de la Mutualit\u00e9 Fran\u00e7aise Jean-Pierre Davant a appel\u00e9 lundi la ministre de la Sant\u00e9 Roselyne Bachelot \u00e0 \u00ab\u00a0n\u00e9gocier\u00a0\u00bb sur la question du remboursement des frais d&rsquo;optique, pr\u00e9venant que les mutuelles ne font pas \u00ab\u00a0de b\u00e9n\u00e9fices\u00a0\u00bb. \u00ab\u00a0Je regrette beaucoup la d\u00e9claration de Mme Bachelot parce que le gouvernement va ouvrir les n\u00e9gociations. Je pense [&hellip;]<\/p>\n","protected":false},"author":1,"featured_media":0,"comment_status":"closed","ping_status":"open","sticky":false,"template":"","format":"standard","meta":{"_citadela_custom_class":"","footnotes":""},"categories":[15],"tags":[],"class_list":["post-8476","post","type-post","status-publish","format-standard","hentry","category-securite"],"_links":{"self":[{"href":"https:\/\/destinationcyber.com\/index.php?rest_route=\/wp\/v2\/posts\/8476","targetHints":{"allow":["GET"]}}],"collection":[{"href":"https:\/\/destinationcyber.com\/index.php?rest_route=\/wp\/v2\/posts"}],"about":[{"href":"https:\/\/destinationcyber.com\/index.php?rest_route=\/wp\/v2\/types\/post"}],"author":[{"embeddable":true,"href":"https:\/\/destinationcyber.com\/index.php?rest_route=\/wp\/v2\/users\/1"}],"replies":[{"embeddable":true,"href":"https:\/\/destinationcyber.com\/index.php?rest_route=%2Fwp%2Fv2%2Fcomments&post=8476"}],"version-history":[{"count":0,"href":"https:\/\/destinationcyber.com\/index.php?rest_route=\/wp\/v2\/posts\/8476\/revisions"}],"wp:attachment":[{"href":"https:\/\/destinationcyber.com\/index.php?rest_route=%2Fwp%2Fv2%2Fmedia&parent=8476"}],"wp:term":[{"taxonomy":"category","embeddable":true,"href":"https:\/\/destinationcyber.com\/index.php?rest_route=%2Fwp%2Fv2%2Fcategories&post=8476"},{"taxonomy":"post_tag","embeddable":true,"href":"https:\/\/destinationcyber.com\/index.php?rest_route=%2Fwp%2Fv2%2Ftags&post=8476"}],"curies":[{"name":"wp","href":"https:\/\/api.w.org\/{rel}","templated":true}]}}