{"id":8468,"date":"2008-04-10T16:03:48","date_gmt":"2008-04-10T14:03:48","guid":{"rendered":"https:\/\/destinationcyber.com\/?p=8468"},"modified":"2008-04-10T16:03:48","modified_gmt":"2008-04-10T14:03:48","slug":"la-riposte-graduee-rejetee-par-le-parlement-europeen","status":"publish","type":"post","link":"https:\/\/destinationcyber.com\/?p=8468","title":{"rendered":"La riposte gradu\u00e9e rejet\u00e9e par le Parlement Europ\u00e9en"},"content":{"rendered":"<p>Le Parlement europ\u00e9en a rejet\u00e9 officiellement la riposte gradu\u00e9e!<\/p>\n<p>Coup dur pour la France, et les adeptes de cette loi du Talion num\u00e9rique, l&rsquo;institution europ\u00e9enne vient d&rsquo;adopter ce matin la r\u00e9solution qui engage les \u00c9tats membres \u00ab\u00e0 \u00e9viter l&rsquo;adoption de mesures allant \u00e0 l&rsquo;encontre des droits de l&rsquo;homme, des droits civiques et des principes de proportionnalit\u00e9, d&rsquo;efficacit\u00e9 et d&rsquo;effet dissuasif, telles que l&rsquo;interruption de l&rsquo;acc\u00e8s \u00e0 internet.\u00bb<\/p>\n<p>Ce sont les eurod\u00e9put\u00e9s Christofer Fjellner et Michel Rocard qui avaient d\u00e9pos\u00e9 un amendement au rapport Cult (ou Bono) destin\u00e9 \u00e0 fermer la porte \u00e0 cette \u00e9pid\u00e9mie.<\/p>\n<p>Estimant qu&rsquo;Internet est une \u00abvaste enceinte d&rsquo;expression culturelle\u00bb et \u00abd&rsquo;acc\u00e8s \u00e0 la connaissance\u00bb, la coupure d&rsquo;acc\u00e8s pr\u00e9conis\u00e9 par la Riposte gradu\u00e9e a \u00e9t\u00e9 jug\u00e9e comme disproportionn\u00e9e, et incompatible au regard des libert\u00e9s civiques et des droits de l&rsquo;Homme.<\/p>\n<p>Le vote condamnant la riposte est cependant pass\u00e9 de peu.<\/p>\n<p>Des opposants \u00e9taient parvenus \u00e0 saucissonner le texte en deux, isolant la coupure du net.<\/p>\n<p>C&rsquo;est une sanction aux effets puissants, qui pourrait avoir des r\u00e9percussions graves dans une soci\u00e9t\u00e9 o\u00f9 l&rsquo;acc\u00e8s \u00e0 l&rsquo;internet est un droit imp\u00e9ratif pour l&rsquo;inclusion sociale.<\/p>\n<p>Le site \u00abinvite [d\u00e9sormais] le premier ministre Fran\u00e7ois Fillon \u00e0 prendre acte de ce vote et, par cons\u00e9quent \u00e0 ne pas d\u00e9poser devant le Parlement fran\u00e7ais le projet Olivennes\u00bb.<\/p>\n<p>S&rsquo;il n&rsquo;interdit pas l&rsquo;utilisation de la riposte gradu\u00e9e dans les Etats membres, ce vote tr\u00e8s symbolique constitue surtout une cuisante d\u00e9faite politique pour les tenants de la politique r\u00e9pressive dessin\u00e9e notamment dans la mission Olivennes.<\/p>\n<p>La France programme toujours l&rsquo;application de la riposte gradu\u00e9e (jusqu&rsquo;\u00e0 un an de suspension d&rsquo;abonnement pour le titulaire d&rsquo;une ligne qui a servi en apparence \u00e0 t\u00e9l\u00e9charger) d\u00e8s le mois de juin.<\/p>\n<p>Fanch<\/p>\n","protected":false},"excerpt":{"rendered":"<p>Le Parlement europ\u00e9en a rejet\u00e9 officiellement la riposte gradu\u00e9e! Coup dur pour la France, et les adeptes de cette loi du Talion num\u00e9rique, l&rsquo;institution europ\u00e9enne vient d&rsquo;adopter ce matin la r\u00e9solution qui engage les \u00c9tats membres \u00ab\u00e0 \u00e9viter l&rsquo;adoption de mesures allant \u00e0 l&rsquo;encontre des droits de l&rsquo;homme, des droits civiques et des principes de [&hellip;]<\/p>\n","protected":false},"author":1,"featured_media":0,"comment_status":"closed","ping_status":"open","sticky":false,"template":"","format":"standard","meta":{"_citadela_custom_class":"","footnotes":""},"categories":[19],"tags":[],"class_list":["post-8468","post","type-post","status-publish","format-standard","hentry","category-e-droit"],"_links":{"self":[{"href":"https:\/\/destinationcyber.com\/index.php?rest_route=\/wp\/v2\/posts\/8468","targetHints":{"allow":["GET"]}}],"collection":[{"href":"https:\/\/destinationcyber.com\/index.php?rest_route=\/wp\/v2\/posts"}],"about":[{"href":"https:\/\/destinationcyber.com\/index.php?rest_route=\/wp\/v2\/types\/post"}],"author":[{"embeddable":true,"href":"https:\/\/destinationcyber.com\/index.php?rest_route=\/wp\/v2\/users\/1"}],"replies":[{"embeddable":true,"href":"https:\/\/destinationcyber.com\/index.php?rest_route=%2Fwp%2Fv2%2Fcomments&post=8468"}],"version-history":[{"count":0,"href":"https:\/\/destinationcyber.com\/index.php?rest_route=\/wp\/v2\/posts\/8468\/revisions"}],"wp:attachment":[{"href":"https:\/\/destinationcyber.com\/index.php?rest_route=%2Fwp%2Fv2%2Fmedia&parent=8468"}],"wp:term":[{"taxonomy":"category","embeddable":true,"href":"https:\/\/destinationcyber.com\/index.php?rest_route=%2Fwp%2Fv2%2Fcategories&post=8468"},{"taxonomy":"post_tag","embeddable":true,"href":"https:\/\/destinationcyber.com\/index.php?rest_route=%2Fwp%2Fv2%2Ftags&post=8468"}],"curies":[{"name":"wp","href":"https:\/\/api.w.org\/{rel}","templated":true}]}}