{"id":8464,"date":"2008-04-09T10:40:26","date_gmt":"2008-04-09T08:40:26","guid":{"rendered":"https:\/\/destinationcyber.com\/?p=8464"},"modified":"2008-04-09T10:40:26","modified_gmt":"2008-04-09T08:40:26","slug":"les-utilisateurs-de-telephone-portable-pourront-utiliser-leurs-combines-durant-les-vols-effectues-en-europe","status":"publish","type":"post","link":"https:\/\/destinationcyber.com\/?p=8464","title":{"rendered":"Les utilisateurs de t\u00e9l\u00e9phone portable pourront utiliser leurs combin\u00e9s durant les vols effectu\u00e9s en Europe"},"content":{"rendered":"<p>Les utilisateurs de t\u00e9l\u00e9phone portable pourront utiliser leurs combin\u00e9s durant les vols effectu\u00e9s en Europe, par des compagnies a\u00e9riennes europ\u00e9ennes.<\/p>\n<p>Les premiers vols mobile pourraient d\u00e9buter dans les \u00ab\u00a0prochaines semaines\u00a0\u00bb selon Martin Selmayr, le porte-parole de la Commission pour les questions de t\u00e9l\u00e9coms.<\/p>\n<p>Les avions destin\u00e9s \u00e0 permettre les communications en plein vol embarqueront un syst\u00e8me cr\u00e9ant un r\u00e9seau de t\u00e9l\u00e9phonie local.<\/p>\n<p>Pour \u00e9viter les interf\u00e9rences, le syst\u00e8me embarqu\u00e9 emp\u00eachera \u00e9galement les communications pass\u00e9es depuis le r\u00e9seau du pays survol\u00e9.<\/p>\n<p>C\u00f4t\u00e9 l\u00e9gislation, Bruxelles sera contraint de trouver une solution au probl\u00e8me que posent le survol des pays et l&rsquo;utilisation d&rsquo;un r\u00e9seau de t\u00e9l\u00e9phonie mobile.<\/p>\n<p>La Commission pourrait autoriser les compagnies a\u00e9riennes \u00e0 demander une licence dans le pays o\u00f9 elles sont immatricul\u00e9es.<\/p>\n<p>Fanch<\/p>\n","protected":false},"excerpt":{"rendered":"<p>Les utilisateurs de t\u00e9l\u00e9phone portable pourront utiliser leurs combin\u00e9s durant les vols effectu\u00e9s en Europe, par des compagnies a\u00e9riennes europ\u00e9ennes. Les premiers vols mobile pourraient d\u00e9buter dans les \u00ab\u00a0prochaines semaines\u00a0\u00bb selon Martin Selmayr, le porte-parole de la Commission pour les questions de t\u00e9l\u00e9coms. Les avions destin\u00e9s \u00e0 permettre les communications en plein vol embarqueront un [&hellip;]<\/p>\n","protected":false},"author":1,"featured_media":0,"comment_status":"closed","ping_status":"open","sticky":false,"template":"","format":"standard","meta":{"_citadela_custom_class":"","footnotes":""},"categories":[12],"tags":[],"class_list":["post-8464","post","type-post","status-publish","format-standard","hentry","category-adsl"],"_links":{"self":[{"href":"https:\/\/destinationcyber.com\/index.php?rest_route=\/wp\/v2\/posts\/8464","targetHints":{"allow":["GET"]}}],"collection":[{"href":"https:\/\/destinationcyber.com\/index.php?rest_route=\/wp\/v2\/posts"}],"about":[{"href":"https:\/\/destinationcyber.com\/index.php?rest_route=\/wp\/v2\/types\/post"}],"author":[{"embeddable":true,"href":"https:\/\/destinationcyber.com\/index.php?rest_route=\/wp\/v2\/users\/1"}],"replies":[{"embeddable":true,"href":"https:\/\/destinationcyber.com\/index.php?rest_route=%2Fwp%2Fv2%2Fcomments&post=8464"}],"version-history":[{"count":0,"href":"https:\/\/destinationcyber.com\/index.php?rest_route=\/wp\/v2\/posts\/8464\/revisions"}],"wp:attachment":[{"href":"https:\/\/destinationcyber.com\/index.php?rest_route=%2Fwp%2Fv2%2Fmedia&parent=8464"}],"wp:term":[{"taxonomy":"category","embeddable":true,"href":"https:\/\/destinationcyber.com\/index.php?rest_route=%2Fwp%2Fv2%2Fcategories&post=8464"},{"taxonomy":"post_tag","embeddable":true,"href":"https:\/\/destinationcyber.com\/index.php?rest_route=%2Fwp%2Fv2%2Ftags&post=8464"}],"curies":[{"name":"wp","href":"https:\/\/api.w.org\/{rel}","templated":true}]}}