{"id":8425,"date":"2008-03-26T14:19:29","date_gmt":"2008-03-26T13:19:29","guid":{"rendered":"https:\/\/destinationcyber.com\/?p=8425"},"modified":"2008-03-26T14:19:29","modified_gmt":"2008-03-26T13:19:29","slug":"presentation-mercredi-en-conseil-des-ministres-du-projet-de-reforme-du-marche-du-travail","status":"publish","type":"post","link":"https:\/\/destinationcyber.com\/?p=8425","title":{"rendered":"Pr\u00e9sentation mercredi en conseil des ministres du projet de r\u00e9forme du march\u00e9 du travail"},"content":{"rendered":"<p>Le gouvernement a pr\u00e9sent\u00e9 mercredi en conseil des ministres son projet de r\u00e9forme du march\u00e9 du travail, a rapport\u00e9 son porte-parole Luc Chatel en qualifiant ce texte de \u00ab\u00a0r\u00e9forme historique\u00a0\u00bb.<\/p>\n<p>Le projet de \u00ab\u00a0modernisation du march\u00e9 du travail\u00a0\u00bb, r\u00e9dig\u00e9 sur la base d&rsquo;un accord conclu en janvier par le patronat et une majorit\u00e9 de syndicats est \u00ab\u00a0une r\u00e9volution importante en mati\u00e8re de dialogue social\u00a0\u00bb, a encore affirm\u00e9 M. Chatel.<\/p>\n<p>Ses objectifs, a expliqu\u00e9 le porte-parole, sont de \u00ab\u00a0rendre le salari\u00e9 gagnant, lui permettre de surfer sur de nouveaux m\u00e9tiers, de nouveaux contrats et donc d&rsquo;avoir davantage d&#8217;emplois disponibles\u00a0\u00bb, mais aussi de \u00ab\u00a0prendre en compte la flexibiliti\u00e9 de l&rsquo;\u00e9conomie, avec la fameuse flexs\u00e9curit\u00e9 \u00e0 la fran\u00e7aise\u00a0\u00bb.<\/p>\n<p>Apr\u00e8s son adoption ce printemps, l&#8217;employeur aura la facult\u00e9 d&rsquo;allonger la p\u00e9riode d&rsquo;essai et de rompre \u00e0 l&rsquo;amiable avec un salari\u00e9 en CDI.<\/p>\n<p>Le code du travail sera aussi modifi\u00e9 pour r\u00e9duire \u00e0 un an l&rsquo;anciennet\u00e9 n\u00e9cessaire pour percevoir une indemnit\u00e9 de licenciement.<\/p>\n<p>Les entreprises pourront aussi recourir, \u00e0 titre exp\u00e9rimental, \u00e0 un nouveau \u00ab\u00a0CDD \u00e0 objet d\u00e9fini\u00a0\u00bb de 18 mois \u00e0 3 ans pour embaucher un cadre ou un ing\u00e9nieur en vue de la r\u00e9alisation d&rsquo;un projet pr\u00e9cis.<\/p>\n<p>Le projet abroge enfin le Contrat nouvelle embauche (CNE), qui se verra requalifi\u00e9 en CDI.<\/p>\n<p>La rupture \u00ab\u00a0amiable\u00a0\u00bb du CDI est souhait\u00e9e depuis plusieurs ann\u00e9es par le patronat et quelques syndicats, inquiets du tripatouillage auquel donnent lieu certains licenciements.<\/p>\n<p>Elle conduira, selon ses d\u00e9tracteurs, \u00e0 un contournement de l&rsquo;obligation de motiver le licenciement et \u00e0 fragiliser les salari\u00e9s.<\/p>\n<p>Le texte sera examin\u00e9 les 15, 16 et 17 avril \u00e0 l&rsquo;Assembl\u00e9e nationale, puis les 6, 7 mai au S\u00e9nat, a pr\u00e9cis\u00e9 mardi l&rsquo;entourage du ministre, qui esp\u00e8re \u00ab\u00a0le moins d&rsquo;amendements possible\u00a0\u00bb.<\/p>\n<p>M. Bertrand a d\u00e9j\u00e0 fait passer le message aux \u00e9lus.<\/p>\n<p>\u00ab\u00a0M\u00eame si le droit d&rsquo;amendement est constitutionnel, on aura \u00e0 c&#339;ur de ne pas casser ni changer cet accord au Parlement\u00a0\u00bb, a-t-il r\u00e9p\u00e9t\u00e9 en maintes occasions depuis janvier.<\/p>\n<p>Apr\u00e8s le fiasco de l&rsquo;ordonnance Villepin sur le CNE (le Contrat nouvelles embauches, condamn\u00e9 par l&rsquo;Organisation internationale du travail) et l&rsquo;\u00e9chec du CPE en 2006 (le Contrat premi\u00e8re embauche rejet\u00e9 par la jeunesse), ce projet de loi fait suite \u00e0 une n\u00e9gociation entre le patronat et les syndicats.<\/p>\n<p>La n\u00e9gociation s&rsquo;est d\u00e9roul\u00e9e de septembre \u00e0 janvier, dans un contexte domin\u00e9 par la forte popularit\u00e9 de Nicolas Sarkozy apr\u00e8s son \u00e9lection et la perspective d&rsquo;un remaniement du paysage syndical, avec la refonte \u00e0 venir des crit\u00e8res de repr\u00e9sentativit\u00e9.<\/p>\n<p>Si les changements du Code du travail ne font pas l&rsquo;unanimit\u00e9 (CGT, FSU, Solidaires, associations de ch\u00f4meurs, LCR, PCF, des responsables PS ou d&rsquo;Attac s&rsquo;y opposent), ils ont \u00e9t\u00e9 n\u00e9goci\u00e9s par l&rsquo;ensemble des syndicats repr\u00e9sentatifs, CGT comprise, et accept\u00e9s par une majorit\u00e9 d&rsquo;entre eux (CFDT, FO, CFTC, CFE-CGC) dans un accord sign\u00e9 le 11 janvier avec le patronat.<\/p>\n<p>M\u00eame la CGPME et l&rsquo;UPA, qui ont vivement protest\u00e9 contre les modalit\u00e9s d&rsquo;abrogation du CNE, ont r\u00e9affirm\u00e9 leur soutien au texte, lors d&rsquo;une r\u00e9cente r\u00e9union de la Commission nationale de la n\u00e9gociation collective (CNNC).<\/p>\n<p>L&rsquo;article 1 du projet de loi a valeur de symbole : il affirme que \u00ab\u00a0le CDI est la forme normale de la relation de travail\u00a0\u00bb.<\/p>\n<p>L&rsquo;article 4, lui aussi symbolique apr\u00e8s la condamnation de l&rsquo;OIT, rappelle que tout licenciement doit \u00eatre justifi\u00e9 par une cause r\u00e9elle et s\u00e9rieuse.<\/p>\n<p>Le CDI ne sera cependant pas le seul contrat, ni le \u00ab\u00a0contrat unique\u00a0\u00bb promis par le candidat Sarkozy. Il continuera \u00e0 coexister avec l&rsquo;int\u00e9rim et les CDD.<\/p>\n<p>L&rsquo;article 6 cr\u00e9e m\u00eame, \u00e0 titre exp\u00e9rimental, un nouveau CDD de projet r\u00e9serv\u00e9 \u00e0 l&#8217;embauche de cadres et ing\u00e9nieurs.<\/p>\n<p>Si le projet de loi ent\u00e9rine la disparition du CNE (article 9), le principe d&rsquo;une p\u00e9riode d&rsquo;essai \u00e0 rallonge revient en force (article 2).<\/p>\n<p>Sauf pour les salari\u00e9s au profil tr\u00e8s recherch\u00e9 et en position de force pour n\u00e9gocier, le CDI comportera jusqu&rsquo;\u00e0 2 mois d&rsquo;essai pour les ouvriers et les employ\u00e9s, 3 mois pour les techniciens et agents de ma\u00eetrise, et 4 mois pour les cadres. Cette mise \u00e0 l&rsquo;essai sera renouvelable une fois, jusqu&rsquo;\u00e0 respectivement 4, 6 et 8 mois, si la branche professionnelle l&rsquo;autorise.<\/p>\n<p>Actuellement, la p\u00e9riode d&rsquo;essai exc\u00e8de rarement six mois pour un cadre, quelques semaines pour un ouvrier.<\/p>\n<p>Le texte de loi sera compl\u00e9t\u00e9 par un arr\u00eat\u00e9 d&rsquo;extension, quatre d\u00e9crets et une r\u00e9vision de l&rsquo;assurance ch\u00f4mage, l&rsquo;ensemble devant jeter les bases d&rsquo;une \u00ab\u00a0flexis\u00e9curit\u00e9\u00a0\u00bb \u00e0 la fran\u00e7aise, soit plus de souplesse pour les entreprises, et plus de s\u00e9curit\u00e9 pour les salari\u00e9s.<\/p>\n<p>Fanch<\/p>\n","protected":false},"excerpt":{"rendered":"<p>Le gouvernement a pr\u00e9sent\u00e9 mercredi en conseil des ministres son projet de r\u00e9forme du march\u00e9 du travail, a rapport\u00e9 son porte-parole Luc Chatel en qualifiant ce texte de \u00ab\u00a0r\u00e9forme historique\u00a0\u00bb. Le projet de \u00ab\u00a0modernisation du march\u00e9 du travail\u00a0\u00bb, r\u00e9dig\u00e9 sur la base d&rsquo;un accord conclu en janvier par le patronat et une majorit\u00e9 de syndicats [&hellip;]<\/p>\n","protected":false},"author":1,"featured_media":0,"comment_status":"closed","ping_status":"open","sticky":false,"template":"","format":"standard","meta":{"_citadela_custom_class":"","footnotes":""},"categories":[17],"tags":[],"class_list":["post-8425","post","type-post","status-publish","format-standard","hentry","category-economia"],"_links":{"self":[{"href":"https:\/\/destinationcyber.com\/index.php?rest_route=\/wp\/v2\/posts\/8425","targetHints":{"allow":["GET"]}}],"collection":[{"href":"https:\/\/destinationcyber.com\/index.php?rest_route=\/wp\/v2\/posts"}],"about":[{"href":"https:\/\/destinationcyber.com\/index.php?rest_route=\/wp\/v2\/types\/post"}],"author":[{"embeddable":true,"href":"https:\/\/destinationcyber.com\/index.php?rest_route=\/wp\/v2\/users\/1"}],"replies":[{"embeddable":true,"href":"https:\/\/destinationcyber.com\/index.php?rest_route=%2Fwp%2Fv2%2Fcomments&post=8425"}],"version-history":[{"count":0,"href":"https:\/\/destinationcyber.com\/index.php?rest_route=\/wp\/v2\/posts\/8425\/revisions"}],"wp:attachment":[{"href":"https:\/\/destinationcyber.com\/index.php?rest_route=%2Fwp%2Fv2%2Fmedia&parent=8425"}],"wp:term":[{"taxonomy":"category","embeddable":true,"href":"https:\/\/destinationcyber.com\/index.php?rest_route=%2Fwp%2Fv2%2Fcategories&post=8425"},{"taxonomy":"post_tag","embeddable":true,"href":"https:\/\/destinationcyber.com\/index.php?rest_route=%2Fwp%2Fv2%2Ftags&post=8425"}],"curies":[{"name":"wp","href":"https:\/\/api.w.org\/{rel}","templated":true}]}}