{"id":8419,"date":"2008-03-25T20:06:18","date_gmt":"2008-03-25T19:06:18","guid":{"rendered":"https:\/\/destinationcyber.com\/?p=8419"},"modified":"2008-03-25T20:06:18","modified_gmt":"2008-03-25T19:06:18","slug":"denis-olivennes-rejoint-les-pirates","status":"publish","type":"post","link":"https:\/\/destinationcyber.com\/?p=8419","title":{"rendered":"Denis Olivennes rejoint les \u00ab pirates \u00bb"},"content":{"rendered":"<p>Apr\u00e8s cinq ans de bons et loyaux services, le PDG de la Fnac, Denis Olivennes, fait ses cartons et part pour Le Nouvel Observateur, o\u00f9 il occupera \u00e0 partir de l&rsquo;\u00e9t\u00e9 prochain les fonctions de directeur g\u00e9n\u00e9ral d\u00e9l\u00e9gu\u00e9.<\/p>\n<p>D&rsquo;un point de vue id\u00e9ologique, la greffe devrait prendre assez facilement.<\/p>\n<p>Denis Olivennes \u00abse tient enti\u00e8rement sur la ligne intellectuelle et politique que Jean Daniel et moi avons d\u00e9fendue depuis toujours\u00bb, a d\u00e9clar\u00e9 au journal Le Monde le fondateur de l&rsquo;hebdomadaire, Claude Perdriel.<\/p>\n<p>En sera-t-il autant du point de vue num\u00e9rique?<\/p>\n<p>En 2005, l&rsquo;hebdomadaire avait lanc\u00e9 un appel \u00e0 l&rsquo;intitul\u00e9 provocateur, \u00ab Nous sommes tous des pirates \u00bb, dans lequel il d\u00e9non\u00e7ait les sanctions prise \u00e0 l&rsquo;encontre des internautes et pr\u00e9conisait la mise en place de \u00ab licences l\u00e9gales \u00bb. <\/p>\n<p>Fanch<\/p>\n","protected":false},"excerpt":{"rendered":"<p>Apr\u00e8s cinq ans de bons et loyaux services, le PDG de la Fnac, Denis Olivennes, fait ses cartons et part pour Le Nouvel Observateur, o\u00f9 il occupera \u00e0 partir de l&rsquo;\u00e9t\u00e9 prochain les fonctions de directeur g\u00e9n\u00e9ral d\u00e9l\u00e9gu\u00e9. D&rsquo;un point de vue id\u00e9ologique, la greffe devrait prendre assez facilement. Denis Olivennes \u00abse tient enti\u00e8rement sur [&hellip;]<\/p>\n","protected":false},"author":1,"featured_media":0,"comment_status":"closed","ping_status":"open","sticky":false,"template":"","format":"standard","meta":{"_citadela_custom_class":"","footnotes":""},"categories":[18],"tags":[],"class_list":["post-8419","post","type-post","status-publish","format-standard","hentry","category-medias"],"_links":{"self":[{"href":"https:\/\/destinationcyber.com\/index.php?rest_route=\/wp\/v2\/posts\/8419","targetHints":{"allow":["GET"]}}],"collection":[{"href":"https:\/\/destinationcyber.com\/index.php?rest_route=\/wp\/v2\/posts"}],"about":[{"href":"https:\/\/destinationcyber.com\/index.php?rest_route=\/wp\/v2\/types\/post"}],"author":[{"embeddable":true,"href":"https:\/\/destinationcyber.com\/index.php?rest_route=\/wp\/v2\/users\/1"}],"replies":[{"embeddable":true,"href":"https:\/\/destinationcyber.com\/index.php?rest_route=%2Fwp%2Fv2%2Fcomments&post=8419"}],"version-history":[{"count":0,"href":"https:\/\/destinationcyber.com\/index.php?rest_route=\/wp\/v2\/posts\/8419\/revisions"}],"wp:attachment":[{"href":"https:\/\/destinationcyber.com\/index.php?rest_route=%2Fwp%2Fv2%2Fmedia&parent=8419"}],"wp:term":[{"taxonomy":"category","embeddable":true,"href":"https:\/\/destinationcyber.com\/index.php?rest_route=%2Fwp%2Fv2%2Fcategories&post=8419"},{"taxonomy":"post_tag","embeddable":true,"href":"https:\/\/destinationcyber.com\/index.php?rest_route=%2Fwp%2Fv2%2Ftags&post=8419"}],"curies":[{"name":"wp","href":"https:\/\/api.w.org\/{rel}","templated":true}]}}