{"id":8359,"date":"2008-02-26T15:04:40","date_gmt":"2008-02-26T14:04:40","guid":{"rendered":"https:\/\/destinationcyber.com\/?p=8359"},"modified":"2008-02-26T15:04:40","modified_gmt":"2008-02-26T14:04:40","slug":"operation-coup-de-poing-dans-la-grande-distribution","status":"publish","type":"post","link":"https:\/\/destinationcyber.com\/?p=8359","title":{"rendered":"\u00ab Op\u00e9ration coup de poing  \u00bb dans la grande distribution"},"content":{"rendered":"<p>La spectaculaire hausse des prix d\u00e9nonc\u00e9e par la revue \u00ab60 Millions de consommateurs\u00bb dans son num\u00e9ro de mars (lire nos \u00e9ditions de dimanche) s&rsquo;est transform\u00e9e en affaire d&rsquo;\u00c9tat.<\/p>\n<p>Chacun, hier, y est all\u00e9 de son commentaire, partis politiques et syndicats, pour d\u00e9noncer des pratiques commerciales entre industriels et distributeurs qui se sont traduites par des envol\u00e9es de prix de \u00ab5 % \u00e0 48 %\u00bb entre fin novembre et d\u00e9but janvier.<\/p>\n<p>Fran\u00e7ois Fillon, le Premier ministre, s&rsquo;est saisi du dossier d\u00e8s hier matin, convoquant l&rsquo;ensemble de ses ministres concern\u00e9s \u00e0 une r\u00e9union de travail.<\/p>\n<p>Condamnant des hausses \u00abtr\u00e8s excessives\u00bb, comme celle du jambon (40 %) \u00abalors que la viande de porc est orient\u00e9e \u00e0 la baisse\u00bb, il a r\u00e9v\u00e9l\u00e9 un plan de bataille en trois points cens\u00e9 r\u00e9\u00e9quilibrer les prix du march\u00e9 fran\u00e7ais \u00ab5 \u00e0 30 % plus \u00e9lev\u00e9s, selon lui, que le march\u00e9 europ\u00e9en\u00bb.<\/p>\n<p>Les services de Christine Lagarde et de Luc Chatel (ministre de l&rsquo;Economie et secr\u00e9taire d&rsquo;\u00c9tat \u00e0 la Consommation) ont \u00e9t\u00e9 invit\u00e9s \u00e0 \u00abv\u00e9rifier l&rsquo;\u00e9volution r\u00e9elle des prix\u00bb.<\/p>\n<p>Fran\u00e7ois Fillon s&rsquo;est engag\u00e9 \u00e0 donner une r\u00e9ponse \u00abavant le 10 mars\u00bb.<\/p>\n<p>Il se basera sur la publication d&rsquo;indices relev\u00e9s par le nouvel Observatoire des prix, cr\u00e9\u00e9 en novembre.<\/p>\n<p>Mais d\u00e8s la fin de la semaine, il publiera l&rsquo;analyse des prix d&rsquo;une vingtaine de produits.<\/p>\n<p>Cr\u00e9ation d&rsquo;une autorit\u00e9 de la concurrence.<\/p>\n<p>Le projet de loi pour la modernisation de l&rsquo;\u00e9conomie comportera un volet \u00abambitieux\u00bb avec la \u00abcr\u00e9ation d&rsquo;une autorit\u00e9 de la concurrence aux comp\u00e9tences renforc\u00e9es et une r\u00e9forme de la r\u00e8glementation afin de permettre la n\u00e9gociabilit\u00e9 des tarifs et une comp\u00e9tition accrue entre les distributeurs\u00bb.<\/p>\n<p>Sans le dire, le Premier ministre \u00e9voque la question de l&rsquo;urbanisme commercial, sur lequel s&rsquo;appuient les autorisations d&rsquo;ouverture des moyennes et grandes surfaces.<\/p>\n<p>Un moyen de pression aussi sur les acteurs du commerce.<\/p>\n<p>Fanch<\/p>\n","protected":false},"excerpt":{"rendered":"<p>La spectaculaire hausse des prix d\u00e9nonc\u00e9e par la revue \u00ab60 Millions de consommateurs\u00bb dans son num\u00e9ro de mars (lire nos \u00e9ditions de dimanche) s&rsquo;est transform\u00e9e en affaire d&rsquo;\u00c9tat. Chacun, hier, y est all\u00e9 de son commentaire, partis politiques et syndicats, pour d\u00e9noncer des pratiques commerciales entre industriels et distributeurs qui se sont traduites par des [&hellip;]<\/p>\n","protected":false},"author":1,"featured_media":0,"comment_status":"closed","ping_status":"open","sticky":false,"template":"","format":"standard","meta":{"_citadela_custom_class":"","footnotes":""},"categories":[17],"tags":[],"class_list":["post-8359","post","type-post","status-publish","format-standard","hentry","category-economia"],"_links":{"self":[{"href":"https:\/\/destinationcyber.com\/index.php?rest_route=\/wp\/v2\/posts\/8359","targetHints":{"allow":["GET"]}}],"collection":[{"href":"https:\/\/destinationcyber.com\/index.php?rest_route=\/wp\/v2\/posts"}],"about":[{"href":"https:\/\/destinationcyber.com\/index.php?rest_route=\/wp\/v2\/types\/post"}],"author":[{"embeddable":true,"href":"https:\/\/destinationcyber.com\/index.php?rest_route=\/wp\/v2\/users\/1"}],"replies":[{"embeddable":true,"href":"https:\/\/destinationcyber.com\/index.php?rest_route=%2Fwp%2Fv2%2Fcomments&post=8359"}],"version-history":[{"count":0,"href":"https:\/\/destinationcyber.com\/index.php?rest_route=\/wp\/v2\/posts\/8359\/revisions"}],"wp:attachment":[{"href":"https:\/\/destinationcyber.com\/index.php?rest_route=%2Fwp%2Fv2%2Fmedia&parent=8359"}],"wp:term":[{"taxonomy":"category","embeddable":true,"href":"https:\/\/destinationcyber.com\/index.php?rest_route=%2Fwp%2Fv2%2Fcategories&post=8359"},{"taxonomy":"post_tag","embeddable":true,"href":"https:\/\/destinationcyber.com\/index.php?rest_route=%2Fwp%2Fv2%2Ftags&post=8359"}],"curies":[{"name":"wp","href":"https:\/\/api.w.org\/{rel}","templated":true}]}}