{"id":8342,"date":"2008-02-20T15:02:06","date_gmt":"2008-02-20T14:02:06","guid":{"rendered":"https:\/\/destinationcyber.com\/?p=8342"},"modified":"2008-02-20T15:02:06","modified_gmt":"2008-02-20T14:02:06","slug":"premiere-nuit-solidaire-pour-le-logement-demain","status":"publish","type":"post","link":"https:\/\/destinationcyber.com\/?p=8342","title":{"rendered":"Premi\u00e8re Nuit solidaire pour le logement, demain"},"content":{"rendered":"<h2>Premi\u00e8re Nuit solidaire pour le logement, demain.<\/h2>\n<p>Une op\u00e9ration pour permettre \u00e0 chacun de rencontrer des sans-abri et d&rsquo;exiger du gouvernement des aides.<\/p>\n<p>L&rsquo;acteur-r\u00e9alisateur, Mathieu Kassovitz, 40 ans, est l&rsquo;un des parrains de la premi\u00e8re Nuit solidaire pour le logement pilot\u00e9e demain place de la R\u00e9publique \u00e0 Paris par une trentaine d&rsquo;organisations d&rsquo;aide aux plus d\u00e9munis qui demandent au gouvernement de revoir sa politique en faveur des priv\u00e9s-de-toit.<\/p>\n<p>IL <strong>OFFRE<\/strong> sa notori\u00e9t\u00e9 aux SDF pour sensibiliser les Fran\u00e7ais \u00e0 leurs mis\u00e8res.<\/p>\n<p>Il y en a un qui est d\u00e9c\u00e9d\u00e9, en fauteuil roulant, par &#8211; 10\u00b0C.<\/p>\n<p>Il m&rsquo;est arriv\u00e9 d&rsquo;en loger dans ma maison quand celle-ci \u00e9tait en travaux.<\/p>\n<p>Je ne suis pas un Bon Samaritain qui les fait dormir dans mon lit!<\/p>\n<p>R\u00e9cemment, j&rsquo;ai h\u00e9berg\u00e9 chez moi un couple de travailleurs gagnant 2 500 &#8364; et leurs deux enfants qui \u00e9taient \u00e0 l&rsquo;h\u00f4tel depuis deux ans, \u00e0 quatre dans la m\u00eame chambre de 10 m2 pour 1 500 &#8364; par mois.<\/p>\n<p>Le respect est la base de tout.<\/p>\n<p>Donner une pi\u00e8ce sans un regard, c&rsquo;est toucher \u00e0 la dignit\u00e9 des sans-abri.<\/p>\n<p><object type=\"application\/x-shockwave-flash\" data=\"http:\/\/videos.leparisien.fr\/p\/fr\/iLyROoaftidf.html\" width=\"400\" height=\"368\"><param name=\"movie\" value=\"http:\/\/videos.leparisien.fr\/p\/fr\/iLyROoaftidf.html\" \/><param name=\"wmode\" value=\"transparent\" \/><param name=\"allowScriptAccess\" value=\"always\" \/><embed src=\"http:\/\/videos.leparisien.fr\/p\/fr\/iLyROoaftidf.html\" width=\"400\" height=\"368\" wmode=\"transparent\" pluginspage=\"http:\/\/www.macromedia.com\/go\/getflashplayer\" type=\"application\/x-shockwave-flash\"><a href=\"http:\/\/videos.leparisien.fr\/video\/iLyROoaftidf.html\" title=\"L'appel \u00e0 la mobilisation de Mathieu Kassovitz - Le Parisien\"><img decoding=\"async\" src=\"http:\/\/t.kewego.com\/t\/2\/0060\/154x114_iLyROoaftidf_2.jpg\" alt=\"L'appel \u00e0 la mobilisation de Mathieu Kassovitz - Le Parisien\"\/><\/a><br \/><a href=\"http:\/\/videos.leparisien.fr\/video\/iLyROoaftidf.html\">L&rsquo;appel \u00e0 la mobilisation de Mathieu Kassovitz &#8211; Le Parisien<\/a><\/embed><\/object><\/p>\n<div style=\"width: 400px;\"><a href=\"http:\/\/videos.leparisien.fr\/video\/iLyROoaftidf.html\">L&rsquo;appel \u00e0 la mobilisation de Mathieu Kassovitz &#8211; Le Parisien<\/a> <br \/>Le r\u00e9alisateur de La Haine s&rsquo;engage pour les sans-abris et appelle \u00e0 la mobilisation jeudi 21 f\u00e9vrier, place de la R\u00e9publique, pour la Nuit Solidaire organis\u00e9e par 28 associations dont les Enfants de Don Quichotte, Emma\u00fcs, la Croix Rouge, la Fnars et bien d&rsquo;autres&#8230; <\/p>\n<div>Mots-cl\u00e9s : <a href=\"http:\/\/videos.leparisien.fr\/search\/?q=soci\u00e9t\u00e9\">soci\u00e9t\u00e9<\/a> <a href=\"http:\/\/videos.leparisien.fr\/search\/?q=mathieu kassovitz\">mathieu kassovitz<\/a> <a href=\"http:\/\/videos.leparisien.fr\/search\/?q=nuit\">nuit<\/a> <a href=\"http:\/\/videos.leparisien.fr\/search\/?q=appel\">appel<\/a> <a href=\"http:\/\/videos.leparisien.fr\/search\/?q=don quichotte\">don quichotte<\/a> <a href=\"http:\/\/videos.leparisien.fr\/search\/?q=sdf\">sdf<\/a> <a href=\"http:\/\/videos.leparisien.fr\/search\/?q=solidarit\u00e9\">solidarit\u00e9<\/a> <a href=\"http:\/\/videos.leparisien.fr\/search\/?q=exclusion\">exclusion<\/a> <a href=\"http:\/\/videos.leparisien.fr\/search\/?q=sans-abris\">sans-abris<\/a> <a href=\"http:\/\/videos.leparisien.fr\/search\/?q=mobilisation\">mobilisation<\/a> <a href=\"http:\/\/videos.leparisien.fr\/search\/?q=augustin legrand\">augustin legrand<\/a> \t<\/div>\n<div style=\"text-align: right;\">\t\t<a href=\"http:\/\/videos.leparisien.fr\/video\/iLyROoaftidf.html\">Video<\/a> de <a href=\"http:\/\/videos.leparisien.fr\/search\/?q=user:leparisienvideo\">leparisienvideo<\/a>\t<\/div>\n<\/div>\n<p>Il ne faut pas avoir peur d&rsquo;aller vers eux.<\/p>\n<p>Ce sont des gens vrais, intelligents, qui donnent des le\u00e7ons de vie.<\/p>\n<p>Dans ma famille, il y aurait des gens SDF si je ne les aidais pas.<\/p>\n<p>Il faut que le gouvernement montre la voie.<\/p>\n<p>Les textes vot\u00e9s, en particulier celui sur le droit au logement opposable, ne sont pas appliqu\u00e9s.<\/p>\n<p>On a un nouveau pr\u00e9sident de la R\u00e9publique volontariste qui a fait de tr\u00e8s belles promesses.<\/p>\n<p>\u00ab Mais si Nicolas Sarkozy ne prot\u00e8ge pas ses citoyens, ce n&rsquo;est pas un pr\u00e9sident \u00bb.<\/p>\n<p>Avec les Don Quichotte, on n&rsquo;est pas une bande de gauchistes.<\/p>\n<p>Cela permettrait au grand public de comprendre qui sont les SDF, comment ils font, par exemple, pour avoir une chemise propre.<\/p>\n<p>C&rsquo;est sur le m\u00eame principe finalement que mon film \u00ab<a href=\"http:\/\/www.allocine.fr\/film\/fichefilm_gen_cfilm=12551.html\">la Haine<\/a>\u00bb dont le seul int\u00e9r\u00eat \u00e9tait de montrer \u00e0 ceux qui ne vivent pas dans les cit\u00e9s qui sont les jeunes de banlieue.<\/p>\n<p>Fanch<\/p>\n","protected":false},"excerpt":{"rendered":"<p>Premi\u00e8re Nuit solidaire pour le logement, demain. Une op\u00e9ration pour permettre \u00e0 chacun de rencontrer des sans-abri et d&rsquo;exiger du gouvernement des aides. L&rsquo;acteur-r\u00e9alisateur, Mathieu Kassovitz, 40 ans, est l&rsquo;un des parrains de la premi\u00e8re Nuit solidaire pour le logement pilot\u00e9e demain place de la R\u00e9publique \u00e0 Paris par une trentaine d&rsquo;organisations d&rsquo;aide aux plus [&hellip;]<\/p>\n","protected":false},"author":1,"featured_media":0,"comment_status":"closed","ping_status":"open","sticky":false,"template":"","format":"standard","meta":{"_citadela_custom_class":"","footnotes":""},"categories":[16],"tags":[],"class_list":["post-8342","post","type-post","status-publish","format-standard","hentry","category-bricabrac"],"_links":{"self":[{"href":"https:\/\/destinationcyber.com\/index.php?rest_route=\/wp\/v2\/posts\/8342","targetHints":{"allow":["GET"]}}],"collection":[{"href":"https:\/\/destinationcyber.com\/index.php?rest_route=\/wp\/v2\/posts"}],"about":[{"href":"https:\/\/destinationcyber.com\/index.php?rest_route=\/wp\/v2\/types\/post"}],"author":[{"embeddable":true,"href":"https:\/\/destinationcyber.com\/index.php?rest_route=\/wp\/v2\/users\/1"}],"replies":[{"embeddable":true,"href":"https:\/\/destinationcyber.com\/index.php?rest_route=%2Fwp%2Fv2%2Fcomments&post=8342"}],"version-history":[{"count":0,"href":"https:\/\/destinationcyber.com\/index.php?rest_route=\/wp\/v2\/posts\/8342\/revisions"}],"wp:attachment":[{"href":"https:\/\/destinationcyber.com\/index.php?rest_route=%2Fwp%2Fv2%2Fmedia&parent=8342"}],"wp:term":[{"taxonomy":"category","embeddable":true,"href":"https:\/\/destinationcyber.com\/index.php?rest_route=%2Fwp%2Fv2%2Fcategories&post=8342"},{"taxonomy":"post_tag","embeddable":true,"href":"https:\/\/destinationcyber.com\/index.php?rest_route=%2Fwp%2Fv2%2Ftags&post=8342"}],"curies":[{"name":"wp","href":"https:\/\/api.w.org\/{rel}","templated":true}]}}