{"id":8338,"date":"2008-02-19T11:12:06","date_gmt":"2008-02-19T10:12:06","guid":{"rendered":"https:\/\/destinationcyber.com\/?p=8338"},"modified":"2008-02-19T11:12:06","modified_gmt":"2008-02-19T10:12:06","slug":"coup-de-force-contre-la-commission-sur-la-copie-privee","status":"publish","type":"post","link":"https:\/\/destinationcyber.com\/?p=8338","title":{"rendered":"Coup de force contre la Commission sur la copie priv\u00e9e"},"content":{"rendered":"<p>Les repr\u00e9sentants de l&rsquo;industrie de l&rsquo;\u00e9lectronique grand public ont quitt\u00e9 ce lundi avec fracas la Commission pour la copie priv\u00e9e ou Commission d&rsquo;Albis.<\/p>\n<p>Par ce geste, ils veulent d\u00e9noncer les taxation accrue des appareils, dont certains devraient encore \u00eatre ponctionn\u00e9s pour financer l&rsquo;arr\u00eat de la pub sur le service public&#8230;<\/p>\n<p>Rappelons que ces r\u00e9mun\u00e9rations (ou taxe, c&rsquo;est selon) sont appliqu\u00e9es aux m\u00e9moires Flash, aux supports optiques CD et DVD, aux cl\u00e9s USB, aux disques durs externes et multim\u00e9dias, aux baladeurs num\u00e9riques, et bient\u00f4t aux t\u00e9l\u00e9phones mobiles \u00e0 fonction baladeur.<\/p>\n<p>Elles doivent compenser le droit \u00e0 la copie priv\u00e9e qui autorise le propri\u00e9taire d&rsquo;une &#339;uvre \u00e0 en faire une copie pour un usage familial, elles financent \u00e9galement les projets culturels.<\/p>\n<p>C&rsquo;est une source de revenus substantielle pour les artistes (160 millions d&rsquo;euros en 2007).<\/p>\n<p>\u00ab\u00a0Toutes les d\u00e9cisions vont dans le m\u00eame sens, il s&rsquo;agit juste de taxer le plus grand nombre de supports\u00a0\u00bb, s&rsquo;indigne Xavier Autexier d&rsquo;Alliance Tics, un syndicat de fabricants.<\/p>\n<p>Bernard H\u00e9ger, directeur g\u00e9n\u00e9ral du Simavelec (syndicat des industries de mat\u00e9riels audiovisuels \u00e9lectroniques), d\u00e9nonce \u00ab\u00a0le mauvais fonctionnement\u00a0\u00bb de la commission.<\/p>\n<p>Ce d\u00e9part de l&rsquo;industrie \u00e9lectronique a eu une cons\u00e9quence imm\u00e9diate : l&rsquo;impossibilit\u00e9 de voter la taxe touchant les smartphones qui sera appliqu\u00e9e au printemps : 5 euros jusqu&rsquo;\u00e0 1 Go d&rsquo;espace de stockage, 6 euros jusqu&rsquo;\u00e0 5 Go et 7 euros jusqu&rsquo;\u00e0 10 Go, pr\u00e9l\u00e8vement maximum qui touchera par exemple l&rsquo;iPhone d&rsquo;Apple ou le Nokia N95, tout deux dot\u00e9s de 8 Go de m\u00e9moire.<\/p>\n<p>\u00ab\u00a0Le dernier vote de la commission copie priv\u00e9e concernant le projet de redevance sur les t\u00e9l\u00e9phones mobiles multim\u00e9dia confirme le mauvais fonctionnement de cette instance\u00a0\u00bb, soulignent les industriels.<\/p>\n<p>Le fait de poss\u00e9der un mobile \u00e0 fonction baladeur n&rsquo;implique pas automatiquement l&rsquo;utilisation de cette fonction.<\/p>\n<p>Pour autant, le vote pourra avoir leu la semaine prochaine, \u00e0 la majorit\u00e9 relative, en re-convoquant les membres restants.<\/p>\n<p>Les industriels de plus en plus hostiles \u00e0 int\u00e9grer dans le prix de leurs produits ces bar\u00e8mes de r\u00e9mun\u00e9ration multiplient aujourd&rsquo;hui les plaintes au niveau europ\u00e9en, estimant que le paiement de la r\u00e9mun\u00e9ration est contraire \u00e0 la libre circulation des biens et des services.<\/p>\n<p>Les associations de consommateurs estiment de leur c\u00f4t\u00e9 que l&rsquo;application de ces taxes ne correspond pas \u00e0 la r\u00e9alit\u00e9 des usages.<\/p>\n<p>Pour la premi\u00e8re fois, trois associations de consommateurs (l&rsquo;UFC Que Choisir, la CLCV, Familles de France) ont lanc\u00e9 une proc\u00e9dure devant le Conseil d&rsquo;\u00c9tat.<\/p>\n<p>Elles estiment qu&rsquo;une large partie des supports vierges est utilis\u00e9e pour stocker, non pas des copies d&rsquo;&#339;uvres acquises l\u00e9galement, mais des fichiers pirat\u00e9s. <\/p>\n<p>Selon un sondage, command\u00e9 sp\u00e9cialement, 40% des capacit\u00e9s de ces unit\u00e9s servent \u00e0 stocker des fichiers issus des plates-formes d&rsquo;\u00e9change.<\/p>\n<p>On ne peut pas \u00e0 la fois \u00eatre passibles de poursuites pour piratage, et payer la taxe pour copie priv\u00e9e.<\/p>\n<p>Fanch<\/p>\n","protected":false},"excerpt":{"rendered":"<p>Les repr\u00e9sentants de l&rsquo;industrie de l&rsquo;\u00e9lectronique grand public ont quitt\u00e9 ce lundi avec fracas la Commission pour la copie priv\u00e9e ou Commission d&rsquo;Albis. Par ce geste, ils veulent d\u00e9noncer les taxation accrue des appareils, dont certains devraient encore \u00eatre ponctionn\u00e9s pour financer l&rsquo;arr\u00eat de la pub sur le service public&#8230; Rappelons que ces r\u00e9mun\u00e9rations (ou [&hellip;]<\/p>\n","protected":false},"author":1,"featured_media":0,"comment_status":"closed","ping_status":"open","sticky":false,"template":"","format":"standard","meta":{"_citadela_custom_class":"","footnotes":""},"categories":[13],"tags":[],"class_list":["post-8338","post","type-post","status-publish","format-standard","hentry","category-hackers"],"_links":{"self":[{"href":"https:\/\/destinationcyber.com\/index.php?rest_route=\/wp\/v2\/posts\/8338","targetHints":{"allow":["GET"]}}],"collection":[{"href":"https:\/\/destinationcyber.com\/index.php?rest_route=\/wp\/v2\/posts"}],"about":[{"href":"https:\/\/destinationcyber.com\/index.php?rest_route=\/wp\/v2\/types\/post"}],"author":[{"embeddable":true,"href":"https:\/\/destinationcyber.com\/index.php?rest_route=\/wp\/v2\/users\/1"}],"replies":[{"embeddable":true,"href":"https:\/\/destinationcyber.com\/index.php?rest_route=%2Fwp%2Fv2%2Fcomments&post=8338"}],"version-history":[{"count":0,"href":"https:\/\/destinationcyber.com\/index.php?rest_route=\/wp\/v2\/posts\/8338\/revisions"}],"wp:attachment":[{"href":"https:\/\/destinationcyber.com\/index.php?rest_route=%2Fwp%2Fv2%2Fmedia&parent=8338"}],"wp:term":[{"taxonomy":"category","embeddable":true,"href":"https:\/\/destinationcyber.com\/index.php?rest_route=%2Fwp%2Fv2%2Fcategories&post=8338"},{"taxonomy":"post_tag","embeddable":true,"href":"https:\/\/destinationcyber.com\/index.php?rest_route=%2Fwp%2Fv2%2Ftags&post=8338"}],"curies":[{"name":"wp","href":"https:\/\/api.w.org\/{rel}","templated":true}]}}