{"id":8310,"date":"2008-02-07T16:41:52","date_gmt":"2008-02-07T15:41:52","guid":{"rendered":"https:\/\/destinationcyber.com\/?p=8310"},"modified":"2008-02-07T16:41:52","modified_gmt":"2008-02-07T15:41:52","slug":"creation-dun-droit-opposable-a-la-garde-denfants","status":"publish","type":"post","link":"https:\/\/destinationcyber.com\/?p=8310","title":{"rendered":"Cr\u00e9ation d&rsquo;un droit opposable \u00e0 la garde d&rsquo;enfants"},"content":{"rendered":"<p>Le ministre du Travail et de la Solidarit\u00e9, Xavier Bertrand, a annonc\u00e9 jeudi au S\u00e9nat que le gouvernement allait soumettre au Parlement \u00ab\u00a0d\u00e8s 2009\u00a0\u00bb un texte sur le droit opposable \u00e0 la garde d&rsquo;enfants, pour une mise en oeuvre \u00e0 partir de 2012.<\/p>\n<p>\u00ab\u00a0L&rsquo;engagement que nous avons pris, c&rsquo;est qu&rsquo;\u00e0 partir de 2012, le droit opposable (\u00e0 la garde d&rsquo;enfants) soit r\u00e9alit\u00e9\u00a0\u00bb, a d\u00e9clar\u00e9 le ministre.<\/p>\n<p>La cr\u00e9ation d&rsquo;un droit opposable \u00e0 la garde d&rsquo;enfants, c&rsquo;est-\u00e0-dire le droit pour les parents d&rsquo;attaquer les collectivit\u00e9s ne leur offrant pas de solutions en mati\u00e8re de garde d&rsquo;enfants, figure dans le programme du Pr\u00e9sident Nicolas Sarkozy.<\/p>\n<p>Fanch<\/p>\n","protected":false},"excerpt":{"rendered":"<p>Le ministre du Travail et de la Solidarit\u00e9, Xavier Bertrand, a annonc\u00e9 jeudi au S\u00e9nat que le gouvernement allait soumettre au Parlement \u00ab\u00a0d\u00e8s 2009\u00a0\u00bb un texte sur le droit opposable \u00e0 la garde d&rsquo;enfants, pour une mise en oeuvre \u00e0 partir de 2012. \u00ab\u00a0L&rsquo;engagement que nous avons pris, c&rsquo;est qu&rsquo;\u00e0 partir de 2012, le droit [&hellip;]<\/p>\n","protected":false},"author":1,"featured_media":0,"comment_status":"closed","ping_status":"open","sticky":false,"template":"","format":"standard","meta":{"_citadela_custom_class":"","footnotes":""},"categories":[19],"tags":[],"class_list":["post-8310","post","type-post","status-publish","format-standard","hentry","category-e-droit"],"_links":{"self":[{"href":"https:\/\/destinationcyber.com\/index.php?rest_route=\/wp\/v2\/posts\/8310","targetHints":{"allow":["GET"]}}],"collection":[{"href":"https:\/\/destinationcyber.com\/index.php?rest_route=\/wp\/v2\/posts"}],"about":[{"href":"https:\/\/destinationcyber.com\/index.php?rest_route=\/wp\/v2\/types\/post"}],"author":[{"embeddable":true,"href":"https:\/\/destinationcyber.com\/index.php?rest_route=\/wp\/v2\/users\/1"}],"replies":[{"embeddable":true,"href":"https:\/\/destinationcyber.com\/index.php?rest_route=%2Fwp%2Fv2%2Fcomments&post=8310"}],"version-history":[{"count":0,"href":"https:\/\/destinationcyber.com\/index.php?rest_route=\/wp\/v2\/posts\/8310\/revisions"}],"wp:attachment":[{"href":"https:\/\/destinationcyber.com\/index.php?rest_route=%2Fwp%2Fv2%2Fmedia&parent=8310"}],"wp:term":[{"taxonomy":"category","embeddable":true,"href":"https:\/\/destinationcyber.com\/index.php?rest_route=%2Fwp%2Fv2%2Fcategories&post=8310"},{"taxonomy":"post_tag","embeddable":true,"href":"https:\/\/destinationcyber.com\/index.php?rest_route=%2Fwp%2Fv2%2Ftags&post=8310"}],"curies":[{"name":"wp","href":"https:\/\/api.w.org\/{rel}","templated":true}]}}