{"id":8309,"date":"2008-02-07T16:37:49","date_gmt":"2008-02-07T15:37:49","guid":{"rendered":"https:\/\/destinationcyber.com\/?p=8309"},"modified":"2008-02-07T16:37:49","modified_gmt":"2008-02-07T15:37:49","slug":"les-deputes-autorisent-la-ratification-du-traite-europeen-de-lisbonne","status":"publish","type":"post","link":"https:\/\/destinationcyber.com\/?p=8309","title":{"rendered":"Les d\u00e9put\u00e9s autorisent la ratification du trait\u00e9 europ\u00e9en de Lisbonne"},"content":{"rendered":"<p>Les d\u00e9put\u00e9s ont adopt\u00e9 jeudi par 336 voix contre 52 le projet de loi autorisant la ratification du trait\u00e9 europ\u00e9en de Lisbonne.<\/p>\n<p>Le groupe UMP, \u00e0 l&rsquo;exception de quelques \u00ab\u00a0souverainistes\u00a0\u00bb, a vot\u00e9 pour.<\/p>\n<p>Cinq ont vot\u00e9 contre, comme Jacques Myard, et trois se sont abstenus.<\/p>\n<p>Au groupe du Nouveau centre (NC), tous les votants &#8211; 6 sur 22 &#8211; ont vot\u00e9 pour.<\/p>\n<p>Au groupe de la gauche d\u00e9mocrate et r\u00e9publicaine (GDR), qui rassemble les communistes et les Verts, les premiers ont vot\u00e9 contre, les seconds se sont divis\u00e9s, deux votant pour et deux s&rsquo;abstenant.<\/p>\n<p>\u00ab\u00a0Il faut voter en faveur de la ratification du trait\u00e9 de Lisbonne afin de donner un signal car l&rsquo;Europe enti\u00e8re attend ce signal de la France\u00a0\u00bb, a dit Bernard Kouchner, ministre des Affaires \u00e9trang\u00e8res.<\/p>\n<p>\u00ab\u00a0En autorisant la ratification du trait\u00e9 de Lisbonne, les d\u00e9put\u00e9s du Nouveau centre (NC) se r\u00e9jouissent de contribuer \u00e0 donner ainsi un nouvel \u00e9lan \u00e0 l&rsquo;Union europ\u00e9enne\u00a0\u00bb, a dit le centriste Fran\u00e7ois Rochebloine.<\/p>\n<p>\u00ab\u00a0En ce jour historique nous sommes fiers de voter oui au trait\u00e9 de Lisbonne parce que c&rsquo;est la seule attitude coh\u00e9rente, responsable et positive \u00ab\u00a0, a pour sa part d\u00e9clar\u00e9 l&rsquo;UMP Pierre Lequiller, pr\u00e9sident de la d\u00e9l\u00e9gation de l&rsquo;Assembl\u00e9e nationale pour l&rsquo;Union europ\u00e9enne.<\/p>\n<p>\u00ab\u00a0Nous allons, dans notre majorit\u00e9, ratifier ce trait\u00e9 malgr\u00e9 ses lacunes, malgr\u00e9 ses retards, malgr\u00e9 ses exemptions, malgr\u00e9 son d\u00e9faut d&rsquo;ambition en \u00e9tant conscients que ce trait\u00e9 n&rsquo;est pas la fin de l&rsquo;histoire europ\u00e9enne\u00a0\u00bb, a dit le socialiste Pierre Moscovici qui a d\u00e9nonc\u00e9 une nouvelle fois le fait que le gouvernement ait choisi la voie parlementaire plut\u00f4t que la voie r\u00e9f\u00e9rendaire.<\/p>\n<p>\u00ab\u00a0Cette journ\u00e9e restera dans l&rsquo;histoire comme une journ\u00e9e noire pour la d\u00e9mocratie, une journ\u00e9e noire pour l&rsquo;Europe et la France\u00a0\u00bb, a dit le communiste Jean-Claude Sandrier.<\/p>\n<p>Une fois vot\u00e9 par le S\u00e9nat, le texte sera d\u00e9finitivement adopt\u00e9 par le Parlement.<\/p>\n<p>Texte qui a \u00e9t\u00e9 adopt\u00e9 d\u00e9finitivement lundi dernier par le Parlement r\u00e9uni en Congr\u00e8s \u00e0 Versailles.<\/p>\n<p>Fanch<\/p>\n","protected":false},"excerpt":{"rendered":"<p>Les d\u00e9put\u00e9s ont adopt\u00e9 jeudi par 336 voix contre 52 le projet de loi autorisant la ratification du trait\u00e9 europ\u00e9en de Lisbonne. Le groupe UMP, \u00e0 l&rsquo;exception de quelques \u00ab\u00a0souverainistes\u00a0\u00bb, a vot\u00e9 pour. Cinq ont vot\u00e9 contre, comme Jacques Myard, et trois se sont abstenus. Au groupe du Nouveau centre (NC), tous les votants &#8211; [&hellip;]<\/p>\n","protected":false},"author":1,"featured_media":0,"comment_status":"closed","ping_status":"open","sticky":false,"template":"","format":"standard","meta":{"_citadela_custom_class":"","footnotes":""},"categories":[19],"tags":[],"class_list":["post-8309","post","type-post","status-publish","format-standard","hentry","category-e-droit"],"_links":{"self":[{"href":"https:\/\/destinationcyber.com\/index.php?rest_route=\/wp\/v2\/posts\/8309","targetHints":{"allow":["GET"]}}],"collection":[{"href":"https:\/\/destinationcyber.com\/index.php?rest_route=\/wp\/v2\/posts"}],"about":[{"href":"https:\/\/destinationcyber.com\/index.php?rest_route=\/wp\/v2\/types\/post"}],"author":[{"embeddable":true,"href":"https:\/\/destinationcyber.com\/index.php?rest_route=\/wp\/v2\/users\/1"}],"replies":[{"embeddable":true,"href":"https:\/\/destinationcyber.com\/index.php?rest_route=%2Fwp%2Fv2%2Fcomments&post=8309"}],"version-history":[{"count":0,"href":"https:\/\/destinationcyber.com\/index.php?rest_route=\/wp\/v2\/posts\/8309\/revisions"}],"wp:attachment":[{"href":"https:\/\/destinationcyber.com\/index.php?rest_route=%2Fwp%2Fv2%2Fmedia&parent=8309"}],"wp:term":[{"taxonomy":"category","embeddable":true,"href":"https:\/\/destinationcyber.com\/index.php?rest_route=%2Fwp%2Fv2%2Fcategories&post=8309"},{"taxonomy":"post_tag","embeddable":true,"href":"https:\/\/destinationcyber.com\/index.php?rest_route=%2Fwp%2Fv2%2Ftags&post=8309"}],"curies":[{"name":"wp","href":"https:\/\/api.w.org\/{rel}","templated":true}]}}