{"id":8267,"date":"2008-01-23T21:28:24","date_gmt":"2008-01-23T20:28:24","guid":{"rendered":"https:\/\/destinationcyber.com\/?p=8267"},"modified":"2008-01-23T21:28:24","modified_gmt":"2008-01-23T20:28:24","slug":"greve-des-fonctionnaires-jeudi-et-service-minimum-a-lecole","status":"publish","type":"post","link":"https:\/\/destinationcyber.com\/?p=8267","title":{"rendered":"Gr\u00e8ve des fonctionnaires jeudi et service minimum \u00e0 l&rsquo;\u00e9cole"},"content":{"rendered":"<p>C&rsquo;est une gr\u00e8ve de la fonction publique un peu sp\u00e9ciale qui aura lieu ce jeudi \u00e0 l&rsquo;appel de sept f\u00e9d\u00e9rations syndicales sur huit (CGT, FSU, CFDT, FO, CFTC, Unsa et Solidaires).<\/p>\n<p>D&rsquo;un c\u00f4t\u00e9, cette mobilisation a un go\u00fbt de d\u00e9j\u00e0 vu, puisque les agents des trois fonctions publiques (\u00c9tat, hospitali\u00e8re et territoriale) ont fait gr\u00e8ve le 20 novembre sur les m\u00eames mots d&rsquo;ordre, \u00e0 savoir l&rsquo;ouverture \u00ab\u00a0en urgence\u00a0\u00bb de n\u00e9gociations salariales et contre les 22.900 suppressions d&#8217;emplois pr\u00e9vues dans la fonction publique d&rsquo;\u00c9tat, dont 11.200 dans l&rsquo;\u00e9ducation nationale.<\/p>\n<p>D&rsquo;un autre c\u00f4t\u00e9, le contexte politique dans lequel se d\u00e9roule cette gr\u00e8ve est radicalement diff\u00e9rent, puisque la majorit\u00e9 des Fran\u00e7ais ne croient plus d\u00e9sormais en la capacit\u00e9 de Nicolas Sarkozy d&rsquo;am\u00e9liorer leur pouvoir d&rsquo;achat comme le pr\u00e9sident l&rsquo;a pourtant promis.<\/p>\n<p>Du coup, la gr\u00e8ve des fonctionnaires, qui s&rsquo;annonce forte dans l&rsquo;\u00e9ducation nationale, les h\u00f4pitaux publics mais aussi les Imp\u00f4ts et l&rsquo;\u00e9quipement, leur appara\u00eet justifi\u00e9e.<\/p>\n<p>Le mouvement social de jeudi est soutenu par 57% des personnes interrog\u00e9es, \u00ab\u00a0ce qui constitue une premi\u00e8re pour un mouvement social depuis l&rsquo;\u00e9lection de Nicolas Sarkozy\u00a0\u00bb, souligne BVA.<\/p>\n<p>Autre nouveaut\u00e9, l&rsquo;exp\u00e9rimentation du service minimum dans les \u00e9coles primaires, qui provoque la col\u00e8re des syndicats d&rsquo;enseignants, qui y voient une atteinte au droit de gr\u00e8ve.<\/p>\n<p>Initialement pr\u00e9vue pour la rentr\u00e9e prochaine, l&rsquo;organisation d&rsquo;un service d&rsquo;accueil minimum par les communes volontaires dans les \u00e9coles primaires ferm\u00e9es pour cause de gr\u00e8ve devrait \u00eatre test\u00e9e jeudi par 1.759 communes sur les 22.492 disposant d&rsquo;une \u00e9cole sur leur territoire, selon le minist\u00e8re de l&rsquo;\u00e9ducation nationale.<\/p>\n<p>Le ministre Xavier Darcos menace pour sa part d&rsquo;aller \u00ab\u00a0plus loin\u00a0\u00bb si le service minimum ne marche pas, \u00ab\u00a0n&rsquo;excluant pas\u00a0\u00bb une loi obligeant les enseignants gr\u00e9vistes \u00e0 se d\u00e9clarer \u00ab\u00a048 heures \u00e0 l&rsquo;avance\u00a0\u00bb comme dans les transports publics.<\/p>\n<p>La mairie de Paris rappelle mercredi dans un communiqu\u00e9 que \u00ab\u00a0la d\u00e9cision d&rsquo;ouverture ou de fermeture d&rsquo;une \u00e9cole\u00a0\u00bb en cas de gr\u00e8ve \u00ab\u00a0d\u00e9pend du directeur d&rsquo;\u00e9cole, fonctionnaire de l&rsquo;\u00e9ducation nationale\u00a0\u00bb.<\/p>\n<p>Le Parti socialiste a apport\u00e9 mercredi son \u00ab\u00a0soutien\u00a0\u00bb \u00e0 la journ\u00e9e de mobilisation des fonctionnaires.<\/p>\n<p>Conclue pour trois ans, cette convention pr\u00e9voit de r\u00e9mun\u00e9rer des agents municipaux pour qu&rsquo;ils gardent les enfants les jours de gr\u00e8ve, moyennant une compensation financi\u00e8re pour les mairies aliment\u00e9e par les retenues sur les salaires des gr\u00e9vistes.<\/p>\n<p>Fanch<\/p>\n","protected":false},"excerpt":{"rendered":"<p>C&rsquo;est une gr\u00e8ve de la fonction publique un peu sp\u00e9ciale qui aura lieu ce jeudi \u00e0 l&rsquo;appel de sept f\u00e9d\u00e9rations syndicales sur huit (CGT, FSU, CFDT, FO, CFTC, Unsa et Solidaires). D&rsquo;un c\u00f4t\u00e9, cette mobilisation a un go\u00fbt de d\u00e9j\u00e0 vu, puisque les agents des trois fonctions publiques (\u00c9tat, hospitali\u00e8re et territoriale) ont fait gr\u00e8ve [&hellip;]<\/p>\n","protected":false},"author":1,"featured_media":0,"comment_status":"closed","ping_status":"open","sticky":false,"template":"","format":"standard","meta":{"_citadela_custom_class":"","footnotes":""},"categories":[16],"tags":[],"class_list":["post-8267","post","type-post","status-publish","format-standard","hentry","category-bricabrac"],"_links":{"self":[{"href":"https:\/\/destinationcyber.com\/index.php?rest_route=\/wp\/v2\/posts\/8267","targetHints":{"allow":["GET"]}}],"collection":[{"href":"https:\/\/destinationcyber.com\/index.php?rest_route=\/wp\/v2\/posts"}],"about":[{"href":"https:\/\/destinationcyber.com\/index.php?rest_route=\/wp\/v2\/types\/post"}],"author":[{"embeddable":true,"href":"https:\/\/destinationcyber.com\/index.php?rest_route=\/wp\/v2\/users\/1"}],"replies":[{"embeddable":true,"href":"https:\/\/destinationcyber.com\/index.php?rest_route=%2Fwp%2Fv2%2Fcomments&post=8267"}],"version-history":[{"count":0,"href":"https:\/\/destinationcyber.com\/index.php?rest_route=\/wp\/v2\/posts\/8267\/revisions"}],"wp:attachment":[{"href":"https:\/\/destinationcyber.com\/index.php?rest_route=%2Fwp%2Fv2%2Fmedia&parent=8267"}],"wp:term":[{"taxonomy":"category","embeddable":true,"href":"https:\/\/destinationcyber.com\/index.php?rest_route=%2Fwp%2Fv2%2Fcategories&post=8267"},{"taxonomy":"post_tag","embeddable":true,"href":"https:\/\/destinationcyber.com\/index.php?rest_route=%2Fwp%2Fv2%2Ftags&post=8267"}],"curies":[{"name":"wp","href":"https:\/\/api.w.org\/{rel}","templated":true}]}}