{"id":8264,"date":"2008-01-22T23:13:41","date_gmt":"2008-01-22T22:13:41","guid":{"rendered":"https:\/\/destinationcyber.com\/?p=8264"},"modified":"2008-01-22T23:13:41","modified_gmt":"2008-01-22T22:13:41","slug":"apres-les-tuc-et-autres-ces-voici-venir-le-plan-espoir-banlieue","status":"publish","type":"post","link":"https:\/\/destinationcyber.com\/?p=8264","title":{"rendered":"Apr\u00e8s les TUC et autres CES, voici venir le plan \u00ab\u00a0Espoir Banlieue\u00a0\u00bb"},"content":{"rendered":"<p>La secr\u00e9taire d&rsquo;\u00c9tat \u00e0 la Politique de la Ville Fadela Amara a d\u00e9voil\u00e9 mardi les grandes traits de son plan pour les banlieues, que Nicolas Sarkozy d\u00e9voilera dans le d\u00e9tail le 8 f\u00e9vrier, avec notamment \u00ab\u00a0des dispositifs pr\u00e9cis pour cr\u00e9er plus de 45.000 emplois en trois ans et r\u00e9duire dans le m\u00eame temps de 40% le ch\u00f4mage des jeunes en banlieue\u00a0\u00bb.<\/p>\n<p>Les mesures de ce plan baptis\u00e9 \u00ab\u00a0Espoir banlieue\u00a0\u00bb, qui concernent trois axes (emploi et formation des jeunes, r\u00e9ussite \u00e9ducative et d\u00e9senclavement) viseront en priorit\u00e9 une \u00ab\u00a0centaine\u00a0\u00bb de quartiers \u00ab\u00a0les plus difficiles\u00a0\u00bb, a dit Mme Amara qui s&rsquo;exprimait devant un millier de personnes, des repr\u00e9sentants d&rsquo;associations et d&rsquo;habitants de Vaulx-en-Velin (Rh\u00f4ne) r\u00e9unis au centre culturel de la commune.<\/p>\n<p>Peu avant, elle avait \u00e9t\u00e9 accueillie sous les sifflets de manifestants, 200 environ, qui ont d\u00e9nonc\u00e9 \u00ab\u00a0une mascarade\u00a0\u00bb \u00e0 propos de cette journ\u00e9e.<\/p>\n<p>En d\u00e9but de soir\u00e9e, la ministre de la Ville Christine Boutin a estim\u00e9 que l&rsquo;objectif de cr\u00e9ation de 45.000 emplois \u00ab\u00a0manque peut-\u00eatre un peu de prudence\u00a0\u00bb, soulignant qu&rsquo;il n&rsquo;y pas encore eu d&rsquo;arbitrage de la part du pr\u00e9sident Nicolas Sarkozy.<\/p>\n<p>Vous ne m&rsquo;avez jamais entendue dans mes propos chiffrer au nombre d&#8217;emplois cr\u00e9es\u00a0\u00bb, a-t-elle d\u00e9clar\u00e9 sur France-Info et it\u00e9l\u00e9.<\/p>\n<p>Ces mesures devront se faire en m\u00eame temps que le d\u00e9senclavement de ces quartiers \u00ab\u00a0indispensable au d\u00e9veloppement \u00e9conomique et social des territoires\u00a0\u00bb, selon Mme Amara qui veut encourager les baisses de tarifs des transports en commun et la cr\u00e9ation de moyens de transports alternatifs.<\/p>\n<p>\u00ab\u00a0J&rsquo;esp\u00e8re qu&rsquo;on va lui donner les moyens de faire ce qu&rsquo;elle a dit\u00a0\u00bb, s&rsquo;est inqui\u00e9t\u00e9e Djamila Labelkiat, \u00e0 la t\u00eate d&rsquo;une association regroupant des femmes de Vaulx-en-Velin.<\/p>\n<p>Lors de son d\u00e9placement, la secr\u00e9taire d&rsquo;\u00c9tat a reconnu qu&rsquo;il y avait une \u00ab\u00a0pression qui p\u00e8se sur (ses) \u00e9paules\u00a0\u00bb et celles du gouvernement \u00ab\u00a0pour que \u00e7a change dans les cit\u00e9s\u00a0\u00bb.<\/p>\n<p>Evoquant devant la presse les quelque 300 r\u00e9unions de concertation territoriales tenues ces derniers mois, elle a soulign\u00e9 qu&rsquo;elles ont permis de voir \u00e9merger \u00ab\u00a0tous les besoins des gens des quartiers, leurs attentes, leurs espoirs, l&rsquo;envie que vraiment \u00e7a change concr\u00e8tement\u00a0\u00bb.<\/p>\n<p>\u00ab\u00a0Je pense tr\u00e8s s\u00e9rieusement qu&rsquo;il faut que le bin\u00f4me maire-pr\u00e9fet soit renforc\u00e9 et qu&rsquo;on donne un peu plus de responsabilit\u00e9 au maire, c&rsquo;est le meilleur acteur de proximit\u00e9\u00a0\u00bb, avait-elle dit sur France-Inter.<\/p>\n<p>Par ailleurs, \u00ab\u00a0il nous faut poser le d\u00e9bat de la r\u00e9forme de la fiscalit\u00e9 locale et de la DSU (dotation de solidarit\u00e9 urbaine)\u00a0\u00bb, a-t-elle ajout\u00e9, d\u00e9fendant un projet qui pose \u00ab\u00a0un vrai d\u00e9bat politique\u00a0\u00bb et ne se contente pas \u00ab\u00a0d&rsquo;un catalogue de mesures.\u00a0\u00bb<\/p>\n<p>Fanch<\/p>\n","protected":false},"excerpt":{"rendered":"<p>La secr\u00e9taire d&rsquo;\u00c9tat \u00e0 la Politique de la Ville Fadela Amara a d\u00e9voil\u00e9 mardi les grandes traits de son plan pour les banlieues, que Nicolas Sarkozy d\u00e9voilera dans le d\u00e9tail le 8 f\u00e9vrier, avec notamment \u00ab\u00a0des dispositifs pr\u00e9cis pour cr\u00e9er plus de 45.000 emplois en trois ans et r\u00e9duire dans le m\u00eame temps de 40% [&hellip;]<\/p>\n","protected":false},"author":1,"featured_media":0,"comment_status":"closed","ping_status":"open","sticky":false,"template":"","format":"standard","meta":{"_citadela_custom_class":"","footnotes":""},"categories":[16],"tags":[],"class_list":["post-8264","post","type-post","status-publish","format-standard","hentry","category-bricabrac"],"_links":{"self":[{"href":"https:\/\/destinationcyber.com\/index.php?rest_route=\/wp\/v2\/posts\/8264","targetHints":{"allow":["GET"]}}],"collection":[{"href":"https:\/\/destinationcyber.com\/index.php?rest_route=\/wp\/v2\/posts"}],"about":[{"href":"https:\/\/destinationcyber.com\/index.php?rest_route=\/wp\/v2\/types\/post"}],"author":[{"embeddable":true,"href":"https:\/\/destinationcyber.com\/index.php?rest_route=\/wp\/v2\/users\/1"}],"replies":[{"embeddable":true,"href":"https:\/\/destinationcyber.com\/index.php?rest_route=%2Fwp%2Fv2%2Fcomments&post=8264"}],"version-history":[{"count":0,"href":"https:\/\/destinationcyber.com\/index.php?rest_route=\/wp\/v2\/posts\/8264\/revisions"}],"wp:attachment":[{"href":"https:\/\/destinationcyber.com\/index.php?rest_route=%2Fwp%2Fv2%2Fmedia&parent=8264"}],"wp:term":[{"taxonomy":"category","embeddable":true,"href":"https:\/\/destinationcyber.com\/index.php?rest_route=%2Fwp%2Fv2%2Fcategories&post=8264"},{"taxonomy":"post_tag","embeddable":true,"href":"https:\/\/destinationcyber.com\/index.php?rest_route=%2Fwp%2Fv2%2Ftags&post=8264"}],"curies":[{"name":"wp","href":"https:\/\/api.w.org\/{rel}","templated":true}]}}