{"id":8250,"date":"2008-01-16T09:22:31","date_gmt":"2008-01-16T08:22:31","guid":{"rendered":"https:\/\/destinationcyber.com\/?p=8250"},"modified":"2008-01-16T09:22:31","modified_gmt":"2008-01-16T08:22:31","slug":"le-macbook-air-le-pc-portable-le-plus-fin-du-monde-selon-dapple","status":"publish","type":"post","link":"https:\/\/destinationcyber.com\/?p=8250","title":{"rendered":"Le MacBook Air, le PC portable \u00able plus fin du monde\u00bb selon  d&rsquo;Apple"},"content":{"rendered":"<p>Le patron d&rsquo;Apple a pr\u00e9sent\u00e9 au MacWorld la troisi\u00e8me g\u00e9n\u00e9ration de portables MacBook, baptis\u00e9e \u00abMacBook Air\u00bb, dont la principale caract\u00e9ristique est d&rsquo;\u00eatre extr\u00eamement compact.<\/p>\n<p>Le MacBook Air est ultra fin, et mis \u00e0 part quelques ports, ses connectiques sont sans fil.<br \/>\n<img loading=\"lazy\" decoding=\"async\" class=\" aligncenter size-full wp-image-8249\" src=\"https:\/\/destinationcyber.com\/wp-content\/uploads\/2008\/01\/jpg_macbookairhands.jpg\" alt=\"macbookairhands.jpg\" align=\"center\" width=\"640\" height=\"427\" srcset=\"https:\/\/destinationcyber.com\/wp-content\/uploads\/2008\/01\/jpg_macbookairhands.jpg 640w, https:\/\/destinationcyber.com\/wp-content\/uploads\/2008\/01\/jpg_macbookairhands-300x200.jpg 300w\" sizes=\"auto, (max-width: 640px) 100vw, 640px\" \/><br \/>\nEn fait, ce produit mesure 4 millim\u00e8tres d&rsquo;\u00e9paisseur pour sa partie la plus fine et 1,6cm \u00e0 sa plus \u00e9paisse.<\/p>\n<p>\u00abIl est si fin qu&rsquo;il entre dans une enveloppe\u00bb, a indiqu\u00e9 Steve Jobs en en faisant la d\u00e9monstration.<\/p>\n<p>Le clavier noir est r\u00e9tro-\u00e9clair\u00e9 par des LED, un peu dans le style MacBook avec des coins arrondis. <\/p>\n<p>Ce nouveau portable est disponible en deux versions, selon qu&rsquo;il int\u00e8gre de la m\u00e9moire flash SSD de 64 Go ou un disque dur de 80 Go.<\/p>\n<p>Les deux disposent par ailleurs d&rsquo;un \u00e9cran de 13,3 pouces, du m\u00eame clavier que le MacBook avec r\u00e9tro\u00e9clairage des touches, d&rsquo;un processeur Intel Core 2 Duo (1,6 GHz \u00e0 1,8 GHz), \u00e9paul\u00e9 par 2Go de RAM, et&#8230; un trackpad multitouch.<\/p>\n<p>Fanch<\/p>\n","protected":false},"excerpt":{"rendered":"<p>Le patron d&rsquo;Apple a pr\u00e9sent\u00e9 au MacWorld la troisi\u00e8me g\u00e9n\u00e9ration de portables MacBook, baptis\u00e9e \u00abMacBook Air\u00bb, dont la principale caract\u00e9ristique est d&rsquo;\u00eatre extr\u00eamement compact. Le MacBook Air est ultra fin, et mis \u00e0 part quelques ports, ses connectiques sont sans fil. En fait, ce produit mesure 4 millim\u00e8tres d&rsquo;\u00e9paisseur pour sa partie la plus fine [&hellip;]<\/p>\n","protected":false},"author":1,"featured_media":8249,"comment_status":"closed","ping_status":"open","sticky":false,"template":"","format":"standard","meta":{"_citadela_custom_class":"","footnotes":""},"categories":[14],"tags":[],"class_list":["post-8250","post","type-post","status-publish","format-standard","has-post-thumbnail","hentry","category-matos"],"_links":{"self":[{"href":"https:\/\/destinationcyber.com\/index.php?rest_route=\/wp\/v2\/posts\/8250","targetHints":{"allow":["GET"]}}],"collection":[{"href":"https:\/\/destinationcyber.com\/index.php?rest_route=\/wp\/v2\/posts"}],"about":[{"href":"https:\/\/destinationcyber.com\/index.php?rest_route=\/wp\/v2\/types\/post"}],"author":[{"embeddable":true,"href":"https:\/\/destinationcyber.com\/index.php?rest_route=\/wp\/v2\/users\/1"}],"replies":[{"embeddable":true,"href":"https:\/\/destinationcyber.com\/index.php?rest_route=%2Fwp%2Fv2%2Fcomments&post=8250"}],"version-history":[{"count":0,"href":"https:\/\/destinationcyber.com\/index.php?rest_route=\/wp\/v2\/posts\/8250\/revisions"}],"wp:featuredmedia":[{"embeddable":true,"href":"https:\/\/destinationcyber.com\/index.php?rest_route=\/wp\/v2\/media\/8249"}],"wp:attachment":[{"href":"https:\/\/destinationcyber.com\/index.php?rest_route=%2Fwp%2Fv2%2Fmedia&parent=8250"}],"wp:term":[{"taxonomy":"category","embeddable":true,"href":"https:\/\/destinationcyber.com\/index.php?rest_route=%2Fwp%2Fv2%2Fcategories&post=8250"},{"taxonomy":"post_tag","embeddable":true,"href":"https:\/\/destinationcyber.com\/index.php?rest_route=%2Fwp%2Fv2%2Ftags&post=8250"}],"curies":[{"name":"wp","href":"https:\/\/api.w.org\/{rel}","templated":true}]}}